{"id":501,"date":"2026-02-17T12:04:45","date_gmt":"2026-02-17T12:04:45","guid":{"rendered":"https:\/\/institutoprisara.com.br\/blog\/?p=501"},"modified":"2026-01-25T00:06:18","modified_gmt":"2026-01-25T00:06:18","slug":"o-impacto-da-pos-graduacao-em-literatura-africana-indigena-e-latina-na-formacao-de-educadores","status":"publish","type":"post","link":"https:\/\/institutoprisara.com.br\/blog\/o-impacto-da-pos-graduacao-em-literatura-africana-indigena-e-latina-na-formacao-de-educadores\/","title":{"rendered":"O Impacto da P\u00f3s-Gradua\u00e7\u00e3o em Literatura Africana, Ind\u00edgena e Latina na Forma\u00e7\u00e3o de Educadores"},"content":{"rendered":"\n<h2 class=\"wp-block-heading\">Introdu\u00e7\u00e3o ao Curso de P\u00f3s-Gradua\u00e7\u00e3o<\/h2>\n\n\n\n<p><strong>Autor:<\/strong> <a href=\"https:\/\/www.institutoprisara.com.br\/\">Instituto Prisara<\/a><\/p>\n\n\n\n<p>A <a href=\"https:\/\/www.institutoprisara.com.br\/curso\/pos-graduacao\/literatura-africana-indigena-e-latina\/\">P\u00f3s-Gradua\u00e7\u00e3o em Literatura Africana, Ind\u00edgena e Latina<\/a> surge como uma resposta \u00e0s exig\u00eancias de um mundo cada vez mais diverso e interconectado. Diante da globaliza\u00e7\u00e3o e da necessidade de um ensino mais inclusivo, a forma\u00e7\u00e3o de educadores que compreendam as ricas tradi\u00e7\u00f5es liter\u00e1rias e culturais destas regi\u00f5es torna-se imprescind\u00edvel. O curso tem como premissa fundamental a valoriza\u00e7\u00e3o da diversidade cultural, visando n\u00e3o apenas a forma\u00e7\u00e3o te\u00f3rica dos alunos, mas tamb\u00e9m a pr\u00e1tica pedag\u00f3gica que respeite e incorpore essas m\u00faltiplas vozes.<\/p>\n\n\n\n<p>Os objetivos do curso incluem a capacita\u00e7\u00e3o de educadores para que possam abordar obras liter\u00e1rias da \u00c1frica, das comunidades ind\u00edgenas e da Am\u00e9rica Latina com profundidade e sensibilidade. Este enfoque permite uma an\u00e1lise cr\u00edtica das realidades sociais, hist\u00f3ricas e pol\u00edticas refletidas nas produ\u00e7\u00f5es liter\u00e1rias. \u00c9 vital que os educadores adquiram habilidades para promover discuss\u00f5es sobre identidade,colonialismo e resist\u00eancia a partir dessas perspectivas liter\u00e1rias, enriquecendo assim o ambiente escolar e a forma\u00e7\u00e3o dos alunos.<\/p>\n\n\n\n<p>Al\u00e9m disso, o curso almeja preparar docentes para atuarem em um cen\u00e1rio educacional que prioriza a educa\u00e7\u00e3o multicultural e antirracista. O papel do educador n\u00e3o se limita \u00e0 transmiss\u00e3o de conhecimento, mas se estende \u00e0 forma\u00e7\u00e3o de cidad\u00e3os cr\u00edticos e atentos \u00e0s diferen\u00e7as que existem em sua sociedade. Por isso, a Jardim da Cana Educacional, que oferece esta P\u00f3s-Gradua\u00e7\u00e3o, busca propor um curr\u00edculo que n\u00e3o apenas corresponda \u00e0s expectativas acad\u00eamicas, mas que tamb\u00e9m prepare os alunos para a realidade contempor\u00e2nea. Dessa forma, o curso \u00e9 uma oportunidade para que educadores se tornem agentes de mudan\u00e7a, contribuindo para uma educa\u00e7\u00e3o mais justa e equitativa, alinhada \u00e0s necessidades das sociedades do s\u00e9culo XXI.<\/p>\n\n\n\n<h2 class=\"wp-block-heading\">Import\u00e2ncia da Literatura na Forma\u00e7\u00e3o Cultural<\/h2>\n\n\n\n<p>A literatura desempenha um papel fundamental na forma\u00e7\u00e3o cultural de indiv\u00edduos e sociedades, sendo um poderoso ve\u00edculo para a express\u00e3o das identidades africana, ind\u00edgena e latina. Cada uma dessas culturas \u00e9 rica em narrativas e mitos que n\u00e3o apenas refletem suas tradi\u00e7\u00f5es e cren\u00e7as, mas tamb\u00e9m representam a luta e a resili\u00eancia de seus povos. Essa conex\u00e3o \u00edntima entre a literatura e a identidade cultural \u00e9 essencial para a forma\u00e7\u00e3o de educadores, especialmente aqueles que atuam em contextos de diversidade cultural.<\/p>\n\n\n<div class=\"wp-block-image hts-content-image\">\n<figure class=\"aligncenter size-large is-resized\"><img decoding=\"async\" src=\"https:\/\/images.unsplash.com\/photo-1455452778610-ee57659c82d9\" alt=\"O Impacto da P\u00f3s-Gradua\u00e7\u00e3o em Literatura Africana, Ind\u00edgena e Latina na Forma\u00e7\u00e3o de Educadores\" style=\"width:500px;height:auto\"\/><\/figure>\n<\/div>\n\n\n<p>Ao explorar obras liter\u00e1rias de diferentes origens, educadores t\u00eam a oportunidade de mergulhar em universos variados, que oferecem novas perspectivas e conhecimentos. Isso \u00e9 particularmente relevante para a forma\u00e7\u00e3o de educadores que trabalham em ambientes multiculturais, onde a compreens\u00e3o e o respeito pelas diferentes identidades culturais s\u00e3o cruciais. A literatura, portanto, n\u00e3o \u00e9 apenas um instrumento de ensino; \u00e9 tamb\u00e9m um meio de promover a empatia e a sensibiliza\u00e7\u00e3o cultural.<\/p>\n\n\n\n<p>Al\u00e9m disso, a literatura pode servir como um espelho que reflete as viv\u00eancias e os desafios enfrentados por grupos marginalizados. Essa reflex\u00e3o \u00e9 vital para a forma\u00e7\u00e3o de educadores, pois os capacita a reconhecer e valorizar as experi\u00eancias dos estudantes, enriquecendo assim o ambiente de aprendizado. A integra\u00e7\u00e3o da literatura africana, ind\u00edgena e latina nos curr\u00edculos pedag\u00f3gicos permite que os educadores n\u00e3o apenas transmitam conhecimento, mas tamb\u00e9m fomentem um espa\u00e7o onde a diversidade \u00e9 celebrada e respeitada.<\/p>\n\n\n\n<p>Em suma, a literatura n\u00e3o apenas enriquece o conhecimento cultural dos educadores, mas tamb\u00e9m proporciona ferramentas para que eles contribuam de forma positiva para a constru\u00e7\u00e3o de uma sociedade mais inclusiva e consciente de suas diversidades. \u00c9 essencial que a forma\u00e7\u00e3o de educadores inclua um aprofundamento nas literaturas dessas culturas, fortalecendo a rela\u00e7\u00e3o entre literatura e identidade cultural.<\/p>\n\n\n\n<h2 class=\"wp-block-heading\">Teorias e Estruturas Liter\u00e1rias<\/h2>\n\n\n\n<p>O estudo das teorias e estruturas liter\u00e1rias \u00e9 fundamental na forma\u00e7\u00e3o de educadores dentro do contexto da <a href=\"https:\/\/www.institutoprisara.com.br\/curso\/pos-graduacao\/literatura-africana-indigena-e-latina\/\">P\u00f3s-Gradua\u00e7\u00e3o em Literatura Africana, Ind\u00edgena e Latina<\/a>. O curso abordar\u00e1 uma gama diversificada de teorias liter\u00e1rias, proporcionando aos alunos as ferramentas necess\u00e1rias para a an\u00e1lise cr\u00edtica e a interpreta\u00e7\u00e3o de textos provenientes de diferentes culturas. Entre as abordagens que ser\u00e3o exploradas, a an\u00e1lise textual se destaca como um m\u00e9todo que permite uma compreens\u00e3o profunda da constru\u00e7\u00e3o liter\u00e1ria, avaliando aspectos como a linguagem, a forma e o contexto hist\u00f3rico e social das obras.<\/p>\n\n\n\n<p>A cr\u00edtica liter\u00e1ria, por sua vez, desempenha um papel crucial ao fomentar o debate sobre os significados e as interpreta\u00e7\u00f5es das obras liter\u00e1rias, permitindo que educadores desenvolvam uma vis\u00e3o mais cr\u00edtica e reflexiva em rela\u00e7\u00e3o \u00e0 literatura. As abordagens interculturais s\u00e3o igualmente significativas, uma vez que estimulam a inclus\u00e3o de perspectivas diversas, proporcionando uma aprecia\u00e7\u00e3o mais rica das literaturas que s\u00e3o frequentemente marginalizadas nos curr\u00edculos tradicionais. Essa inclus\u00e3o de vari\u00e1veis culturais \u00e9 essencial para a forma\u00e7\u00e3o de educadores que atuar\u00e3o em ambientes escolares cada vez mais diversos.<\/p>\n\n\n\n<p>Essas teorias n\u00e3o apenas ampliam o conhecimento sobre a literatura, mas tamb\u00e9m t\u00eam uma relev\u00e2ncia pr\u00e1tica. Educadores capazes de aplicar essas teorias em suas aulas promovem um ensino mais inclusivo e ativo, estimulando a participa\u00e7\u00e3o dos alunos e fomentando uma maior curiosidade sobre as literaturas africanas, ind\u00edgenas e latinas. Compreender as estruturas liter\u00e1rias e as teorias pertinentes capacita os educadores a instigar discuss\u00f5es significativas, contribuindo para a forma\u00e7\u00e3o de cidad\u00e3os cr\u00edticos e apetrechados para a pluralidade cultural. Dessa forma, o curso de P\u00f3s-Gradua\u00e7\u00e3o se torna um espa\u00e7o vital para a constru\u00e7\u00e3o de saberes e pr\u00e1ticas que impactar\u00e3o diretamente a educa\u00e7\u00e3o contempor\u00e2nea.<\/p>\n\n\n\n<h2 class=\"wp-block-heading\">Interculturalidade na Educa\u00e7\u00e3o<\/h2>\n\n\n\n<p>A interculturalidade \u00e9 um conceito que se refere ao di\u00e1logo e \u00e0 intera\u00e7\u00e3o entre diferentes culturas, promovendo o respeito m\u00fatuo e a valoriza\u00e7\u00e3o das diversas tradi\u00e7\u00f5es e modos de vida. No contexto educacional, essa abordagem \u00e9 essencial para a forma\u00e7\u00e3o de educadores, especialmente no ensino de literaturas africanas, ind\u00edgenas e latinas. A literatura serve como um meio poderoso para expressar e explorar a riqueza cultural dessas comunidades, permitindo que os alunos tenham acesso a uma variedade de vozes e perspectivas que, muitas vezes, s\u00e3o marginalizadas no curr\u00edculo tradicional.<\/p>\n\n\n\n<p>A aplica\u00e7\u00e3o da interculturalidade no ensino de literatura envolve a inclus\u00e3o de materiais e autores de diversas origens, de modo que os alunos possam se deparar com narrativas que refletem suas identidades e hist\u00f3rias, assim como aquelas de seus colegas. Isso n\u00e3o apenas enriquece a experi\u00eancia de aprendizagem, mas tamb\u00e9m promove um ambiente inclusivo onde todos os estudantes se sentem representados e respeitados. Ao estudar hist\u00f3rias e obras de diferentes culturas, os educadores t\u00eam a oportunidade de desafiar estere\u00f3tipos e preconceitos, incentivando uma compreens\u00e3o cr\u00edtica das diversidades presentes na sociedade contempor\u00e2nea.<\/p>\n\n\n\n<p>Por meio da integra\u00e7\u00e3o de diversas perspectivas culturais nas aulas, a interculturalidade permite que os educadores preparem os alunos para um mundo cada vez mais globalizado. As salas de aula que priorizam a diversidade cultural n\u00e3o apenas favorecem a empatia e a solidariedade entre os estudantes, mas tamb\u00e9m contribuem para a forma\u00e7\u00e3o de cidad\u00e3os mais conscientes e engajados socialmente. Assim, a interculturalidade se torna uma ferramenta vital na educa\u00e7\u00e3o, que n\u00e3o s\u00f3 valoriza a literatura como um meio de comunica\u00e7\u00e3o, mas tamb\u00e9m como um campo de intera\u00e7\u00e3o e aprendizado m\u00fatuo entre culturas distintas.<\/p>\n\n\n\n<h2 class=\"wp-block-heading\">An\u00e1lise Cr\u00edtica da Produ\u00e7\u00e3o Liter\u00e1ria Atual<\/h2>\n\n\n\n<p>A <a href=\"https:\/\/www.institutoprisara.com.br\/curso\/pos-graduacao\/literatura-africana-indigena-e-latina\/\">p\u00f3s-gradua\u00e7\u00e3o em Literatura Africana, Ind\u00edgena e Latina<\/a> oferece aos educadores a oportunidade de desenvolver uma an\u00e1lise cr\u00edtica da produ\u00e7\u00e3o liter\u00e1ria contempor\u00e2nea. Por meio de um curr\u00edculo que aborda tanto cl\u00e1ssicos quanto obras recentes, os alunos s\u00e3o capacitados a identificar temas, estilos e contextos sociais que permeiam essas produ\u00e7\u00f5es. A an\u00e1lise proposta neste curso n\u00e3o se limita apenas aos aspectos est\u00e9ticos das obras, mas tamb\u00e9m permite uma reflex\u00e3o profunda sobre as implica\u00e7\u00f5es sociais, culturais e pol\u00edticas que elas carregam.<\/p>\n\n\n\n<p>Obras como &#8220;O Filho de Meu Pai&#8221; de Jo\u00e3o de Melo e &#8220;Um Defeito de Cor&#8221; de Ana Maria Machado, por exemplo, s\u00e3o frequentemente estudadas neste contexto. Essas literaturas n\u00e3o apenas refletem as experi\u00eancias hist\u00f3ricas e as identidades culturais de suas respectivas comunidades, mas tamb\u00e9m engajam-se com quest\u00f5es contempor\u00e2neas, como a identidade racial, a desigualdade social e a resist\u00eancia cultural. O estudo dessas obras ajuda os educadores a transmitirem aos alunos n\u00e3o apenas o conhecimento sobre a literatura, mas a import\u00e2ncia de compreender as narrativas que moldam a sociedade.<\/p>\n\n\n\n<p>Atrav\u00e9s da an\u00e1lise cr\u00edtica, os educadores podem fomentar discuss\u00f5es em sala de aula que incentivam os alunos a interrogarem as circunst\u00e2ncias sociais que influenciam a produ\u00e7\u00e3o liter\u00e1ria. Esse processo \u00e9 essencial para cultivar uma consci\u00eancia cr\u00edtica, que \u00e9 fundamental na educa\u00e7\u00e3o. Com isso, a p\u00f3s-gradua\u00e7\u00e3o n\u00e3o apenas aprimora as compet\u00eancias dos educadores, mas promove uma abordagem pedag\u00f3gica que valoriza a diversidade liter\u00e1ria e cultural, refletindo a complexidade do mundo em que vivemos.<\/p>\n\n\n\n<p><\/p>\n\n\n\n<h2 class=\"wp-block-heading\">Desenvolvimento de Projetos Interdisciplinares<\/h2>\n\n\n\n<p>A <a href=\"https:\/\/www.institutoprisara.com.br\/curso\/pos-graduacao\/literatura-africana-indigena-e-latina\/\">p\u00f3s-gradua\u00e7\u00e3o em Literatura Africana, Ind\u00edgena e Latina<\/a> oferece uma oportunidade \u00fanica para educadores desenvolverem projetos interdisciplinares que enriquecem o aprendizado. A interconex\u00e3o de diversas disciplinas permite n\u00e3o apenas uma compreens\u00e3o mais profunda do conte\u00fado, mas tamb\u00e9m incentiva uma abordagem hol\u00edstica e abrangente do conhecimento. Ao integrar a literatura dessas culturas, os educadores podem explorar temas universais que ressoam em diferentes contextos e experi\u00eancias, tornando o aprendizado mais relevante e acess\u00edvel aos alunos.<\/p>\n\n\n\n<p>Cursos nesse \u00e2mbito encorajam a cria\u00e7\u00e3o de projetos que envolvem n\u00e3o apenas a an\u00e1lise liter\u00e1ria, mas tamb\u00e9m a inclus\u00e3o de hist\u00f3ria, sociologia e antropologia, entre outras \u00e1reas. Por exemplo, um projeto que examina um romance africano pode se expandir para discutir as quest\u00f5es sociais e pol\u00edticas abordadas na obra, enquanto tamb\u00e9m analisa sua relev\u00e2ncia cultural contempor\u00e2nea. Essa abordagem n\u00e3o s\u00f3 enriquece as discuss\u00f5es em sala de aula, mas tamb\u00e9m estimula a capacidade cr\u00edtica dos alunos ao conectarem diferentes saberes.<\/p>\n\n\n\n<p>A colabora\u00e7\u00e3o entre diferentes disciplinas e \u00e1reas de estudo propicia um ambiente de aprendizado diversificado, onde os alunos s\u00e3o incentivados a pensar de maneira cr\u00edtica e criativa. Al\u00e9m disso, a cria\u00e7\u00e3o de projetos interdisciplinares fortalece as habilidades de trabalho em equipe e a comunica\u00e7\u00e3o entre os estudantes, preparando-os para os desafios da vida profissional futura. Incorporar a literatura africana, ind\u00edgena e latina de forma interdisciplinar tem o potencial de transformar a experi\u00eancia educacional, promovendo um di\u00e1logo significativo que respeita e valoriza as diferentes culturas. Portanto, a pr\u00e1tica de desenvolver e implementar tais projetos \u00e9 um aspecto crucial na forma\u00e7\u00e3o de educadores capacitados e conscientes de seu papel social.<\/p>\n\n\n\n<h2 class=\"wp-block-heading\">Desafios e Oportunidades na Educa\u00e7\u00e3o Multicultural<\/h2>\n\n\n\n<p>A educa\u00e7\u00e3o multicultural representa um campo vasto e din\u00e2mico, que busca incorporar as diversas vozes e experi\u00eancias de grupos frequentemente marginalizados. Entretanto, ensinar literatura de diferentes culturas pode apresentar uma s\u00e9rie de desafios para educadores, que devem navegar por quest\u00f5es de diversidade, identidade cultural e pr\u00e1ticas pedag\u00f3gicas adaptadas.<\/p>\n\n\n\n<p>Um dos principais desafios \u00e9 a resist\u00eancia a esses novos paradigmas. Muitos educadores enfrentam a dificuldade de integrar textos de literatura africana, ind\u00edgena e latina em curr\u00edculos que historicamente t\u00eam sido dominados por perspectivas europeias ou ocidentais. Essa resist\u00eancia pode advir de concep\u00e7\u00f5es err\u00f4neas sobre a relev\u00e2ncia desses conte\u00fados ou da falta de treinamento adequado na abordagem dessas narrativas. Al\u00e9m disso, educadores podem se sentir inseguros quanto \u00e0 sua pr\u00f3pria familiaridade com essas literaturas, o que pode impactar sua capacidade de transmiti-las de maneira eficaz.<\/p>\n\n\n\n<p>No entanto, as oportunidades que surgem com a educa\u00e7\u00e3o multicultural s\u00e3o igualmente significativas. A inclus\u00e3o da literatura africana, ind\u00edgena e latina proporciona um ambiente enriquecedor e diversificado, permitindo que os alunos se conectem com experi\u00eancias e realidades que lhes s\u00e3o pr\u00f3ximas, ao mesmo tempo que promovem a empatia e a compreens\u00e3o intercultural. O engajamento com essas literaturas pode estimular discuss\u00f5es cr\u00edticas sobre injusti\u00e7a social, identidade e pertencimento, preparando os alunos para um mundo globalizado.<\/p>\n\n\n\n<p>Ademais, os educadores t\u00eam a chance de enriquecer sua pr\u00e1tica pedag\u00f3gica ao explorar m\u00e9todos e curr\u00edculos que valorizem a pluralidade cultural. Em vez de simplesmente transmitir conhecimento, eles podem tornar-se facilitadores de di\u00e1logos que incentivem o pensamento cr\u00edtico e a aprecia\u00e7\u00e3o das diferen\u00e7as. Essa abordagem pode transformar a sala de aula em um espa\u00e7o de aprendizado colaborativo, onde a diversidade cultural \u00e9 n\u00e3o apenas reconhecida, mas tamb\u00e9m celebrada.<\/p>\n\n\n\n<h2 class=\"wp-block-heading\">Conclus\u00e3o e Perspectivas Futuras<\/h2>\n\n\n\n<p>A forma\u00e7\u00e3o de <a href=\"https:\/\/www.institutoprisara.com.br\/curso\/pos-graduacao\/literatura-africana-indigena-e-latina\/\">educadores em literatura africana, ind\u00edgena e latina<\/a> \u00e9 essencial n\u00e3o apenas para a diversifica\u00e7\u00e3o do ensino, mas tamb\u00e9m para a promo\u00e7\u00e3o de uma educa\u00e7\u00e3o que respeita e valoriza a multiculturalidade. A compreens\u00e3o e a inclus\u00e3o dessas literaturas no curr\u00edculo podem estimular um ambiente de aprendizado mais inclusivo, onde todos os alunos se sintam representados e motivados a participar ativamente. A pesquisa e a exposi\u00e7\u00e3o a essas culturas liter\u00e1rias possibilitam que educadores desenvolvam estrat\u00e9gias pedag\u00f3gicas que atendam \u00e0s diferentes realidades sociais e culturais dos estudantes.<\/p>\n\n\n\n<p>Os educadores formados neste campo t\u00eam o potencial de transformar pr\u00e1ticas educativas e inspirar novas gera\u00e7\u00f5es atrav\u00e9s da literatura. Isso pode ser observado pelo fortalecimento da identidade cultural dos alunos, que contribui para um aprendizado mais significativo e contextualizado. Assim, essa forma\u00e7\u00e3o n\u00e3o deve ser vista como um fim, mas sim como um ponto de partida para uma investiga\u00e7\u00e3o cont\u00ednua e para a implementa\u00e7\u00e3o de pr\u00e1ticas educativas inovadoras.<\/p>\n\n\n\n<p>Para garantir a continuidade dos estudos, \u00e9 fundamental que as institui\u00e7\u00f5es de ensino ofere\u00e7am acesso a cursos de atualiza\u00e7\u00e3o, oficinas e grupos de discuss\u00e3o sobre a literatura intercultural. Incentivar a participa\u00e7\u00e3o em semin\u00e1rios e confer\u00eancias tamb\u00e9m pode proporcionar aos educadores as ferramentas necess\u00e1rias para se manterem atualizados e engajados com as inova\u00e7\u00f5es no campo. Al\u00e9m disso, a cria\u00e7\u00e3o de redes de colabora\u00e7\u00e3o entre educadores pode facilitar a troca de experi\u00eancias e pr\u00e1ticas bem-sucedidas, enriquecendo o processo de ensino-aprendizagem.<\/p>\n\n\n\n<p>Em suma, a integra\u00e7\u00e3o da literatura africana, ind\u00edgena e latina na forma\u00e7\u00e3o de educadores n\u00e3o apenas enriquece a educa\u00e7\u00e3o, mas tamb\u00e9m serve como alicerce para uma sociedade mais equitativa e consciente das diversas vozes que comp\u00f5em a hist\u00f3ria e a cultura. O compromisso cont\u00ednuo com a forma\u00e7\u00e3o e a reflex\u00e3o sobre essas literaturas \u00e9 vital para que possamos avan\u00e7ar nesse caminho de transforma\u00e7\u00e3o educacional.<\/p>\n","protected":false},"excerpt":{"rendered":"<p>Introdu\u00e7\u00e3o ao Curso de P\u00f3s-Gradua\u00e7\u00e3o Autor: Instituto Prisara A P\u00f3s-Gradua\u00e7\u00e3o em Literatura Africana, Ind\u00edgena e Latina surge como uma resposta \u00e0s exig\u00eancias de um mundo cada vez mais diverso e interconectado. Diante da globaliza\u00e7\u00e3o e da necessidade de um ensino mais inclusivo, a forma\u00e7\u00e3o de educadores que compreendam as ricas tradi\u00e7\u00f5es liter\u00e1rias e culturais destas [&hellip;]<\/p>\n","protected":false},"author":1,"featured_media":502,"comment_status":"closed","ping_status":"open","sticky":false,"template":"","format":"standard","meta":{"footnotes":""},"categories":[3,63],"tags":[194,195,193],"class_list":["post-501","post","type-post","status-publish","format-standard","has-post-thumbnail","hentry","category-educacao","category-pos-graduacao","tag-indigena","tag-latina","tag-literatura-africana"],"_links":{"self":[{"href":"https:\/\/institutoprisara.com.br\/blog\/wp-json\/wp\/v2\/posts\/501","targetHints":{"allow":["GET"]}}],"collection":[{"href":"https:\/\/institutoprisara.com.br\/blog\/wp-json\/wp\/v2\/posts"}],"about":[{"href":"https:\/\/institutoprisara.com.br\/blog\/wp-json\/wp\/v2\/types\/post"}],"author":[{"embeddable":true,"href":"https:\/\/institutoprisara.com.br\/blog\/wp-json\/wp\/v2\/users\/1"}],"replies":[{"embeddable":true,"href":"https:\/\/institutoprisara.com.br\/blog\/wp-json\/wp\/v2\/comments?post=501"}],"version-history":[{"count":3,"href":"https:\/\/institutoprisara.com.br\/blog\/wp-json\/wp\/v2\/posts\/501\/revisions"}],"predecessor-version":[{"id":505,"href":"https:\/\/institutoprisara.com.br\/blog\/wp-json\/wp\/v2\/posts\/501\/revisions\/505"}],"wp:featuredmedia":[{"embeddable":true,"href":"https:\/\/institutoprisara.com.br\/blog\/wp-json\/wp\/v2\/media\/502"}],"wp:attachment":[{"href":"https:\/\/institutoprisara.com.br\/blog\/wp-json\/wp\/v2\/media?parent=501"}],"wp:term":[{"taxonomy":"category","embeddable":true,"href":"https:\/\/institutoprisara.com.br\/blog\/wp-json\/wp\/v2\/categories?post=501"},{"taxonomy":"post_tag","embeddable":true,"href":"https:\/\/institutoprisara.com.br\/blog\/wp-json\/wp\/v2\/tags?post=501"}],"curies":[{"name":"wp","href":"https:\/\/api.w.org\/{rel}","templated":true}]}}