{"id":533,"date":"2026-03-08T12:02:12","date_gmt":"2026-03-08T12:02:12","guid":{"rendered":"https:\/\/institutoprisara.com.br\/blog\/?p=533"},"modified":"2026-03-24T18:12:07","modified_gmt":"2026-03-24T18:12:07","slug":"entenda-a-pos-graduacao-em-direito-economico-e-financeiro-fundamentos-e-oportunidades","status":"publish","type":"post","link":"https:\/\/institutoprisara.com.br\/blog\/entenda-a-pos-graduacao-em-direito-economico-e-financeiro-fundamentos-e-oportunidades\/","title":{"rendered":"Entenda a P\u00f3s-Gradua\u00e7\u00e3o em Direito Econ\u00f4mico e Financeiro: Fundamentos e Oportunidades"},"content":{"rendered":"\n<h2 class=\"wp-block-heading\">Introdu\u00e7\u00e3o ao Direito Econ\u00f4mico e Financeiro<\/h2>\n\n\n\n<p><strong>Autor: <\/strong><a href=\"https:\/\/www.institutoprisara.com.br\/\">Instituto Prisara<\/a><\/p>\n\n\n\n<p>O <a href=\"https:\/\/www.institutoprisara.com.br\/curso\/pos-graduacao\/direito-economico-e-financeiro\/\">Direito Econ\u00f4mico e Financeiro<\/a> emerge como uma \u00e1rea vital dentro do contexto jur\u00eddico brasileiro, apresentando uma interface complexa entre as normas jur\u00eddicas e a atividade econ\u00f4mica. No cen\u00e1rio contempor\u00e2neo, entender os fundamentos desse ramo do Direito \u00e9 imprescind\u00edvel para profissionais que buscam atuar em um mundo globalizado, onde a regula\u00e7\u00e3o econ\u00f4mica assume um papel central. A p\u00f3s-gradua\u00e7\u00e3o em Direito Econ\u00f4mico e Financeiro proporciona uma apresenta\u00e7\u00e3o aprofundada dos conceitos que permeiam essa disciplina, permitindo que os alunos se familiarizem n\u00e3o apenas com as categorias te\u00f3ricas, mas tamb\u00e9m com os aspectos pr\u00e1ticos que influenciam a din\u00e2mica do mercado.<\/p>\n\n\n\n<p>A import\u00e2ncia dessa forma\u00e7\u00e3o se acentua na medida em que as decis\u00f5es econ\u00f4micas e financeiras impactam diretamente as vidas dos cidad\u00e3os e o desenvolvimento do pa\u00eds. Os operadores do Direito, ao se especializarem nesta \u00e1rea, ampliam suas oportunidades profissionais, adquirindo conhecimentos que v\u00e3o desde a an\u00e1lise de contratos e legisla\u00e7\u00e3o financeira at\u00e9 a compreens\u00e3o das pol\u00edticas p\u00fablicas que moldam a economia nacional. Com a globaliza\u00e7\u00e3o e a crescente interdepend\u00eancia das economias, a compreens\u00e3o do Direito Econ\u00f4mico e Financeiro se torna ainda mais essencial para se navegar nos desafios contempor\u00e2neos.<\/p>\n\n\n<div class=\"wp-block-image\">\n<figure class=\"alignleft size-full\"><img loading=\"lazy\" decoding=\"async\" width=\"474\" height=\"292\" src=\"https:\/\/institutoprisara.com.br\/blog\/wp-content\/uploads\/2025\/10\/pos.webp\" alt=\"\" class=\"wp-image-222\" srcset=\"https:\/\/institutoprisara.com.br\/blog\/wp-content\/uploads\/2025\/10\/pos.webp 474w, https:\/\/institutoprisara.com.br\/blog\/wp-content\/uploads\/2025\/10\/pos-300x185.webp 300w\" sizes=\"auto, (max-width: 474px) 100vw, 474px\" \/><\/figure>\n<\/div>\n\n\n<p>O curso de p\u00f3s-gradua\u00e7\u00e3o oferece uma abordagem detalhada dos fundamentos do sistema constitucional econ\u00f4mico-financeiro, capacitando os alunos a interpretar e aplicar a legisla\u00e7\u00e3o vigente, considerando tamb\u00e9m as diretrizes constitucionais. A forma\u00e7\u00e3o acad\u00eamica nesse campo \u00e9 uma ferramenta poderosa para aqueles que n\u00e3o apenas aspiram a entender a teoria, mas tamb\u00e9m desejam aplicar o conhecimento de forma pr\u00e1tica, contribuindo para o fortalecimento das institui\u00e7\u00f5es e o crescimento social por meio de um sistema econ\u00f4mico justo e equilibrado.<\/p>\n\n\n\n<h2 class=\"wp-block-heading\">Objetivos da P\u00f3s-Gradua\u00e7\u00e3o em Direito Econ\u00f4mico e Financeiro<\/h2>\n\n\n\n<p>A <a href=\"https:\/\/www.institutoprisara.com.br\/curso\/pos-graduacao\/direito-economico-e-financeiro\/\">P\u00f3s-Gradua\u00e7\u00e3o em Direito Econ\u00f4mico e Financeiro<\/a> visa proporcionar uma compreens\u00e3o abrangente dos fundamentos essenciais do sistema econ\u00f4mico-financeiro. Um dos principais objetivos do curso \u00e9 equipar os alunos com conhecimentos te\u00f3ricos e pr\u00e1ticos que lhes permitam compreender a din\u00e2mica do mercado e as normas que regulam as atividades financeiras nos \u00e2mbitos p\u00fablico e privado.<\/p>\n\n\n\n<p>Al\u00e9m disso, o programa busca desenvolver uma vis\u00e3o cr\u00edtica sobre a atua\u00e7\u00e3o financeira do Estado. Os participantes s\u00e3o incentivados a analisar as pol\u00edticas financeiras governamentais, destacando a import\u00e2ncia de um gerenciamento eficiente das finan\u00e7as p\u00fablicas. Essa an\u00e1lise cr\u00edtica \u00e9 fundamental para capacitar os profissionais n\u00e3o apenas a identificar problemas existentes na pr\u00e1tica administrativa, mas tamb\u00e9m a sugerir solu\u00e7\u00f5es e melhorias que possam impactar positivamente a sociedade.<\/p>\n\n\n\n<p>Outro objetivo crucial do curso \u00e9 a identifica\u00e7\u00e3o das diversas possibilidades de receitas p\u00fablicas. A gera\u00e7\u00e3o e a gest\u00e3o das receitas s\u00e3o t\u00f3picos abordados de forma detalhada, pois entender as diferentes fontes de renda estatal \u00e9 vital para qualquer profissional que atuar\u00e1 na \u00e1rea do Direito Econ\u00f4mico e Financeiro. O curso aborda tamb\u00e9m a import\u00e2ncia da legisla\u00e7\u00e3o tribut\u00e1ria e fiscal, permitindo que os alunos compreendam como essas normas influenciam a arrecada\u00e7\u00e3o p\u00fablica e o desenvolvimento econ\u00f4mico.<\/p>\n\n\n\n<p>Em suma, a <a href=\"https:\/\/www.institutoprisara.com.br\/curso\/pos-graduacao\/direito-economico-e-financeiro\/\">P\u00f3s-Gradua\u00e7\u00e3o em Direito Econ\u00f4mico e Financeiro<\/a> n\u00e3o apenas forma especialistas aptos a atuar em um mercado cada vez mais complexo e din\u00e2mico, mas tamb\u00e9m prepara profissionais para que contribuam de forma significativa para a sociedade, ao promoverem pr\u00e1ticas financeiras mais equitativas e respons\u00e1veis, alinhadas com os princ\u00edpios do Estado democr\u00e1tico e de direito.<\/p>\n\n\n\n<h2 class=\"wp-block-heading\">Fundamentos do Sistema Constitucional Econ\u00f4mico-Financeiro<\/h2>\n\n\n\n<p>O sistema econ\u00f4mico-financeiro brasileiro \u00e9 regido por um conjunto de normas e princ\u00edpios constantes na Constitui\u00e7\u00e3o Federal de 1988, que estabelece diretrizes fundamentais para a atua\u00e7\u00e3o do Estado na regula\u00e7\u00e3o das rela\u00e7\u00f5es econ\u00f4micas e financeiras. Um dos principais fundamentos do sistema \u00e9 a fun\u00e7\u00e3o social da propriedade, que implica que a explora\u00e7\u00e3o econ\u00f4mica deve atender ao interesse coletivo, promovendo o bem-estar da sociedade e respeitando os direitos dos cidad\u00e3os.<\/p>\n\n\n\n<p>Al\u00e9m disso, a Constitui\u00e7\u00e3o determina a promo\u00e7\u00e3o do desenvolvimento sustent\u00e1vel, o combate \u00e0 desigualdade social e a erradica\u00e7\u00e3o da pobreza, o que obriga as institui\u00e7\u00f5es p\u00fablicas a implementarem pol\u00edticas econ\u00f4micas que busquem \u00e0 inclus\u00e3o social. A prote\u00e7\u00e3o ao meio ambiente e o respeito \u00e0s futuras gera\u00e7\u00f5es tamb\u00e9m s\u00e3o aspectos inerentes \u00e0 atua\u00e7\u00e3o financeira do Estado, configurando um compromisso com a \u00e9tica econ\u00f4mica e financeira.<\/p>\n\n\n\n<p>Outro pilar importante do sistema econ\u00f4mico-financeiro \u00e9 a legisla\u00e7\u00e3o infraconstitucional que complementa e regulamenta os preceitos constitucionais. As leis financeiras, como a Lei de Responsabilidade Fiscal, atuam para assegurar a transpar\u00eancia na gest\u00e3o fiscal e a responsabilidade na administra\u00e7\u00e3o dos recursos p\u00fablicos. Essa legisla\u00e7\u00e3o \u00e9 fundamental para a estabilidade econ\u00f4mica e, consequentemente, afeta diretamente o ambiente de neg\u00f3cios no pa\u00eds.<\/p>\n\n\n\n<p>O conhecimento em Direito Econ\u00f4mico e Financeiro \u00e9 indispens\u00e1vel para os profissionais que atuam nesse campo, pois possibilita a compreens\u00e3o dos princ\u00edpios que regem a pr\u00e1tica financeira e a resolu\u00e7\u00e3o de conflitos relacionados \u00e0 atua\u00e7\u00e3o do Estado e do mercado. Familiarizar-se com os fundamentos do sistema constitucional econ\u00f4mico-financeiro permite aos profissionais adotarem estrat\u00e9gias adequadas para enfrentar desafios, regulamenta\u00e7\u00f5es e ainda promoverem a\u00e7\u00f5es que visem ao bem-estar social.<\/p>\n\n\n\n<h2 class=\"wp-block-heading\">A Atividade Financeira do Estado<\/h2>\n\n\n\n<p>A atividade financeira do Estado \u00e9 uma parte essencial da sua atua\u00e7\u00e3o, compreendendo a gest\u00e3o dos recursos p\u00fablicos para garantir o bem-estar da sociedade e a execu\u00e7\u00e3o das pol\u00edticas p\u00fablicas. Esta atividade \u00e9 regulamentada e estruturada por meio de legisla\u00e7\u00e3o or\u00e7ament\u00e1ria, que estabelece as diretrizes para a arrecada\u00e7\u00e3o e a aplica\u00e7\u00e3o de recursos financeiros. A elabora\u00e7\u00e3o dessa legisla\u00e7\u00e3o envolve um processo complexo que requer a participa\u00e7\u00e3o de diversos \u00f3rg\u00e3os governamentais e a considera\u00e7\u00e3o das necessidades da popula\u00e7\u00e3o.<\/p>\n\n\n\n<p>A legisla\u00e7\u00e3o or\u00e7ament\u00e1ria, que \u00e9 a ferramenta principal da atividade financeira do Estado, define n\u00e3o apenas as receitas e despesas previstas para um determinado exerc\u00edcio financeiro, mas tamb\u00e9m estabelece prioridades de investimento em \u00e1reas como sa\u00fade, educa\u00e7\u00e3o, infraestrutura e seguran\u00e7a. Um exemplo claro de como essa legisla\u00e7\u00e3o influencia a administra\u00e7\u00e3o p\u00fablica \u00e9 a cria\u00e7\u00e3o de um or\u00e7amento que aloca recursos para programas espec\u00edficos, garantindo que as necessidades da popula\u00e7\u00e3o sejam atendidas. Al\u00e9m disso, o processo or\u00e7ament\u00e1rio permite um controle mais eficiente sobre a gest\u00e3o financeira, incentivando a transpar\u00eancia e a responsabilidade fiscal.<\/p>\n\n\n\n<p>Ademais, a atividade financeira do Estado tamb\u00e9m envolve a utiliza\u00e7\u00e3o de instrumentos como a d\u00edvida p\u00fablica, que pode ser utilizada para financiar projetos de longo prazo, impactando diretamente o crescimento econ\u00f4mico. A forma como a legisla\u00e7\u00e3o or\u00e7ament\u00e1ria \u00e9 elaborada e implementada afetar\u00e1 tanto a capacidade do Estado de executar suas fun\u00e7\u00f5es quanto a confian\u00e7a da sociedade na administra\u00e7\u00e3o p\u00fablica. Assim, uma boa gest\u00e3o da legisla\u00e7\u00e3o or\u00e7ament\u00e1ria n\u00e3o s\u00f3 promove a efici\u00eancia na administra\u00e7\u00e3o, mas tamb\u00e9m \u00e9 fundamental para a estabilidade financeira e o desenvolvimento econ\u00f4mico.<\/p>\n\n\n\n<h2 class=\"wp-block-heading\">Receitas P\u00fablicas: Tipologias e Fontes<\/h2>\n\n\n\n<p>As receitas p\u00fablicas desempenham um papel fundamental na manuten\u00e7\u00e3o da estrutura e funcionamento do Estado, permitindo a execu\u00e7\u00e3o de pol\u00edticas p\u00fablicas e a oferta de servi\u00e7os \u00e0 sociedade. Os entes federados, como Uni\u00e3o, estados e munic\u00edpios, possuem diversas possibilidades de arrecada\u00e7\u00e3o que podem ser categorizadas em diferentes tipologias. Entre essas, destacam-se impostos, taxas, contribui\u00e7\u00f5es e outras fontes de receita, cada uma com suas pr\u00f3prias caracter\u00edsticas e finalidades.<\/p>\n\n\n\n<p>Os impostos s\u00e3o tributos cobrados pela administra\u00e7\u00e3o p\u00fablica de forma compuls\u00f3ria, e s\u00e3o utilizados para custear as despesas gerais do governo. A sua arrecada\u00e7\u00e3o \u00e9 fundamental para a estrutura financeira do Estado, permitindo investimentos em \u00e1reas como sa\u00fade, educa\u00e7\u00e3o e infraestrutura. Exemplos de impostos incluem o Imposto de Renda, Imposto sobre a Circula\u00e7\u00e3o de Mercadorias e Servi\u00e7os (ICMS) e Imposto sobre Propriedade de Ve\u00edculos Automotores (IPVA).<\/p>\n\n\n\n<p>As taxas, por outro lado, s\u00e3o tributos que t\u00eam como contrapresta\u00e7\u00e3o a presta\u00e7\u00e3o de um servi\u00e7o p\u00fablico espec\u00edfico ao contribuinte. Elas s\u00e3o cobradas em raz\u00e3o do exerc\u00edcio do poder de pol\u00edcia ou pela utiliza\u00e7\u00e3o de servi\u00e7os p\u00fablicos, como a Taxa de Coleta de Lixo, por exemplo. As taxas devem ser fixadas de modo a cobrir os custos diretos dos servi\u00e7os prestados.<\/p>\n\n\n\n<p>As contribui\u00e7\u00f5es, uma outra forma de receita p\u00fablica, s\u00e3o tributos destinados a financiar atividades espec\u00edficas, como as contribui\u00e7\u00f5es previdenci\u00e1rias. Essas receitas s\u00e3o essenciais para a seguran\u00e7a social e t\u00eam um impacto significativo na gest\u00e3o econ\u00f4mica, principalmente em cen\u00e1rios de crise financeira, onde a sustentabilidade das contas p\u00fablicas se torna um grande desafio.<\/p>\n\n\n\n<p>Al\u00e9m dessas tipologias, existem fontes de receita como a explora\u00e7\u00e3o de recursos naturais, a concess\u00e3o de servi\u00e7os p\u00fablicos e a arrecada\u00e7\u00e3o de royalties. A diversifica\u00e7\u00e3o das fontes de receitas p\u00fablicas \u00e9 crucial para garantir a estabilidade fiscal e a capacidade da administra\u00e7\u00e3o p\u00fablica em atender \u00e0s demandas da sociedade.<\/p>\n\n\n\n<h2 class=\"wp-block-heading\">Rela\u00e7\u00e3o entre Direito Econ\u00f4mico e Desenvolvimento Econ\u00f4mico<\/h2>\n\n\n\n<p>O Direito Econ\u00f4mico \u00e9 um campo que visa regular as rela\u00e7\u00f5es entre o Estado e a economia, promovendo um ambiente prop\u00edcio para o desenvolvimento econ\u00f4mico. Suas normas jur\u00eddicas desempenham um papel fundamental na cria\u00e7\u00e3o de um sistema econ\u00f4mico saud\u00e1vel, que incentiva crescimento e inova\u00e7\u00e3o. No Brasil, a intera\u00e7\u00e3o entre as normas de Direito Econ\u00f4mico e as pol\u00edticas p\u00fablicas \u00e9 crucial para fomentar o desenvolvimento sustent\u00e1vel e a inclus\u00e3o social.<\/p>\n\n\n\n<p>As pol\u00edticas p\u00fablicas moldadas pelo Direito Econ\u00f4mico afetam diretamente o ambiente de neg\u00f3cios. Um sistema jur\u00eddico eficiente, que garanta a seguran\u00e7a jur\u00eddica e proteja os direitos dos investidores, tende a atrair investimentos. Isso ocorre porque a estabilidade das normas jur\u00eddicas reduz incertezas, permitindo que empresas locais e estrangeiras realizem planos a longo prazo. Por outro lado, um ambiente regulat\u00f3rio opressivo ou inst\u00e1vel pode inibir o crescimento econ\u00f4mico, desencorajando investidores e dificultando a cria\u00e7\u00e3o de novas empresas.<\/p>\n\n\n\n<p>Outra forma pela qual o Direito Econ\u00f4mico influencia o desenvolvimento \u00e9 atrav\u00e9s do suporte \u00e0 prote\u00e7\u00e3o da concorr\u00eancia. Normas que promovem a concorr\u00eancia saud\u00e1vel ajudam a evitar monop\u00f3lios e pr\u00e1ticas comerciais desleais, garantindo que os consumidores tenham acesso a uma gama de produtos e servi\u00e7os a pre\u00e7os justos. Dessa maneira, o Direito Econ\u00f4mico n\u00e3o se limita apenas a regular a atua\u00e7\u00e3o do Estado, mas tamb\u00e9m busca equilibrar a rela\u00e7\u00e3o entre consumidores e empresas, contribuindo para um ambiente econ\u00f4mico din\u00e2mico e equilibrado.<\/p>\n\n\n\n<p>Al\u00e9m disso, o Direito Econ\u00f4mico pode intervir em quest\u00f5es sociais por meio da regula\u00e7\u00e3o do mercado de trabalho e da prote\u00e7\u00e3o ao consumidor. Medidas que asseguram sal\u00e1rios justos e acesso a bens essenciais s\u00e3o fundamentais para o crescimento econ\u00f4mico equilibrado e inclusivo. Portanto, a intera\u00e7\u00e3o entre o Direito Econ\u00f4mico e o desenvolvimento econ\u00f4mico \u00e9 complexa e multifacetada, exigindo um entendimento profundo das normas e pol\u00edticas que influenciam esse processo no Brasil.<\/p>\n\n\n\n<h2 class=\"wp-block-heading\">Campo de Atua\u00e7\u00e3o do Profissional Formado<\/h2>\n\n\n\n<p>A p\u00f3s-gradua\u00e7\u00e3o em Direito Econ\u00f4mico e Financeiro oferece uma ampla gama de oportunidades para os graduados, refletindo a crescente demanda por especialistas nesta \u00e1rea. Os profissionais formados podem atuar em diversos setores, tanto no \u00e2mbito p\u00fablico quanto privado, abrangendo uma variedade de fun\u00e7\u00f5es que v\u00e3o desde consultorias a institui\u00e7\u00f5es acad\u00eamicas.<\/p>\n\n\n\n<p>No setor p\u00fablico, os graduados podem encontrar oportunidades em \u00f3rg\u00e3os governamentais que necessitam de assessoria em pol\u00edticas econ\u00f4micas e regulamenta\u00e7\u00f5es financeiras. Este campo \u00e9 crucial, pois os profissionais s\u00e3o frequentemente chamados a formular e implementar leis que impactam a economia de um pa\u00eds. Al\u00e9m disso, atuam na elabora\u00e7\u00e3o de pol\u00edticas fiscais e financeiras, garantindo que as diretrizes legais sejam respeitadas e aplicadas corretamente.<\/p>\n\n\n\n<p>Da mesma forma, no setor privado, as oportunidades s\u00e3o abundantes, especialmente em empresas que operam no mercado financeiro. Assim, as fun\u00e7\u00f5es podem incluir a assessoria jur\u00eddica para institui\u00e7\u00f5es banc\u00e1rias, seguradoras e fundos de investimento, onde o conhecimento em Direito Econ\u00f4mico e Financeiro \u00e9 imprescind\u00edvel para a conformidade normativa e a mitiga\u00e7\u00e3o de riscos legais. Outro aspecto relevante \u00e9 o papel em consultorias, onde os profissionais oferecem orienta\u00e7\u00e3o sobre estrat\u00e9gias de investimento e transa\u00e7\u00f5es comerciais, ajudando empresas a navegar por um complexo ambiente regulat\u00f3rio e financeiro.<\/p>\n\n\n\n<p>Al\u00e9m disso, o campo acad\u00eamico \u00e9 uma alternativa atrativa, permitindo que os graduados contribuam na forma\u00e7\u00e3o de novas gera\u00e7\u00f5es de juristas e consultores financeiros. O ensino superior e a pesquisa em Direito Econ\u00f4mico e Financeiro s\u00e3o fundamentais para o desenvolvimento do conhecimento na \u00e1rea, promovendo uma base s\u00f3lida para futuras inova\u00e7\u00f5es e pr\u00e1ticas no setor.<\/p>\n\n\n\n<h2 class=\"wp-block-heading\">Depoimentos e Experi\u00eancias de Ex-Alunos do Curso<\/h2>\n\n\n\n<p>Os ex-alunos do curso de P\u00f3s-Gradua\u00e7\u00e3o em Direito Econ\u00f4mico e Financeiro t\u00eam compartilhado experi\u00eancias que ressaltam a import\u00e2ncia da forma\u00e7\u00e3o na constru\u00e7\u00e3o de suas carreiras. Um dos relatos mais frequentes \u00e9 sobre a qualidade do conte\u00fado abordado, que inclui aspectos fundamentais das leis financeiras e sua aplica\u00e7\u00e3o pr\u00e1tica nos neg\u00f3cios. De acordo com Mariana Santos, uma das graduadas, os conhecimentos adquiridos durante o curso foram decisivos em sua trajet\u00f3ria profissional: &#8220;O aprendizado sobre a interse\u00e7\u00e3o entre legisla\u00e7\u00e3o fiscal e pr\u00e1ticas de mercado ampliou minha perspectiva e capacidade de tomar decis\u00f5es estrat\u00e9gicas na empresa onde trabalho.&#8221;<\/p>\n\n\n\n<p>Outro ex-aluno, Ricardo Almeida, destacou a relev\u00e2ncia das aulas de gest\u00e3o de riscos e governan\u00e7a corporativa. Ele afirmou: &#8220;Entender as nuances do Direito Econ\u00f4mico me forneceu uma base s\u00f3lida para atuar em ambientes corporativos complexos, onde as decis\u00f5es podem ter impactos significativos. O curso me preparou para enfrentar desafios reais e contribuiu para o meu crescimento profissional.&#8221;<\/p>\n\n\n\n<p>Al\u00e9m disso, os depoimentos reafirmam a import\u00e2ncia da interdisciplinaridade do curso. Ana Beatriz, que atua na \u00e1rea de compliance, mencionou: &#8220;A diversidade de abordagens no curso, que engloba \u00e1reas como contabilidade e economia, foi fundamental para a minha forma\u00e7\u00e3o integral. Essa multiplicidade me permite atuar de maneira mais eficaz e estrat\u00e9gica em minha fun\u00e7\u00e3o, contribuindo para a implementa\u00e7\u00e3o de pol\u00edticas corporativas robustas e conformes a legisla\u00e7\u00e3o vigente.&#8221;<\/p>\n\n\n\n<p>Esses relatos revelam como a P\u00f3s-Gradua\u00e7\u00e3o em Direito Econ\u00f4mico e Financeiro n\u00e3o apenas fornece conhecimentos te\u00f3ricos valiosos, mas tamb\u00e9m orienta os alunos em suas aplica\u00e7\u00f5es pr\u00e1ticas no mercado de trabalho. Os ex-alunos claramente valorizam a experi\u00eancia formativa e os desdobramentos que essa qualifica\u00e7\u00e3o trouxe para suas carreiras, evidenciando seu papel crucial na profissionaliza\u00e7\u00e3o e na constru\u00e7\u00e3o de uma carreira s\u00f3lida no campo econ\u00f4mico e jur\u00eddico.<\/p>\n\n\n\n<h2 class=\"wp-block-heading\">Considera\u00e7\u00f5es Finais sobre a Import\u00e2ncia da P\u00f3s-Gradua\u00e7\u00e3o<\/h2>\n\n\n\n<p>A p\u00f3s-gradua\u00e7\u00e3o em Direito Econ\u00f4mico e Financeiro representa um marco significativo na forma\u00e7\u00e3o de profissionais bem preparados para enfrentar os desafios do mercado contempor\u00e2neo. Essa \u00e1rea do conhecimento enfatiza a intersec\u00e7\u00e3o entre os princ\u00edpios jur\u00eddicos e as din\u00e2micas econ\u00f4micas, promovendo uma compreens\u00e3o mais abrangente dos fatores que influenciam o funcionamento das economias e dos sistemas legais em um contexto globalizado.<\/p>\n\n\n\n<p>Atrav\u00e9s da especializa\u00e7\u00e3o, os profissionais s\u00e3o capacitados a lidar com quest\u00f5es complexas que envolvem regulamenta\u00e7\u00f5es financeiras, contratos e direitos econ\u00f4micos. Essa forma\u00e7\u00e3o avan\u00e7ada n\u00e3o somente aprimora as compet\u00eancias t\u00e9cnicas, mas tamb\u00e9m desenvolve habilidades anal\u00edticas e de resolu\u00e7\u00e3o de problemas, fundamentais para a pr\u00e1tica jur\u00eddica e para a elabora\u00e7\u00e3o de pol\u00edticas que visem um desenvolvimento econ\u00f4mico sustent\u00e1vel.<\/p>\n\n\n\n<p>Al\u00e9m de proporcionar vantagens competitivas para os profissionais, a p\u00f3s-gradua\u00e7\u00e3o em Direito Econ\u00f4mico e Financeiro tem um impacto mais amplo na sociedade. Advogados e consultores bem informados podem contribuir para a constru\u00e7\u00e3o de um ambiente econ\u00f4mico mais transparente e justo, ajudando a evitar pr\u00e1ticas abusivas e promovendo a equidade. Esse tipo de forma\u00e7\u00e3o incentiva a responsabilidade social e \u00e9tica, valores essenciais no exerc\u00edcio da advocacia e na gest\u00e3o de neg\u00f3cios.<\/p>\n\n\n\n<p>Portanto, a import\u00e2ncia da p\u00f3s-gradua\u00e7\u00e3o em Direito Econ\u00f4mico e Financeiro se estende al\u00e9m do desenvolvimento individual. Ela est\u00e1 intrinsicamente ligada ao fortalecimento das institui\u00e7\u00f5es econ\u00f4micas e \u00e0 promo\u00e7\u00e3o de uma sociedade mais equilibrada, onde o direito e a economia coexistem de maneira harmoniosa, proporcionando um futuro promissor e sustent\u00e1vel para todos os seus integrantes.<\/p>\n","protected":false},"excerpt":{"rendered":"<p>Introdu\u00e7\u00e3o ao Direito Econ\u00f4mico e Financeiro Autor: Instituto Prisara O Direito Econ\u00f4mico e Financeiro emerge como uma \u00e1rea vital dentro do contexto jur\u00eddico brasileiro, apresentando uma interface complexa entre as normas jur\u00eddicas e a atividade econ\u00f4mica. No cen\u00e1rio contempor\u00e2neo, entender os fundamentos desse ramo do Direito \u00e9 imprescind\u00edvel para profissionais que buscam atuar em um [&hellip;]<\/p>\n","protected":false},"author":1,"featured_media":534,"comment_status":"closed","ping_status":"open","sticky":false,"template":"","format":"standard","meta":{"footnotes":""},"categories":[215,256,63],"tags":[217],"class_list":["post-533","post","type-post","status-publish","format-standard","has-post-thumbnail","hentry","category-direito","category-noticias","category-pos-graduacao","tag-direito-economico-e-financeiro"],"_links":{"self":[{"href":"https:\/\/institutoprisara.com.br\/blog\/wp-json\/wp\/v2\/posts\/533","targetHints":{"allow":["GET"]}}],"collection":[{"href":"https:\/\/institutoprisara.com.br\/blog\/wp-json\/wp\/v2\/posts"}],"about":[{"href":"https:\/\/institutoprisara.com.br\/blog\/wp-json\/wp\/v2\/types\/post"}],"author":[{"embeddable":true,"href":"https:\/\/institutoprisara.com.br\/blog\/wp-json\/wp\/v2\/users\/1"}],"replies":[{"embeddable":true,"href":"https:\/\/institutoprisara.com.br\/blog\/wp-json\/wp\/v2\/comments?post=533"}],"version-history":[{"count":2,"href":"https:\/\/institutoprisara.com.br\/blog\/wp-json\/wp\/v2\/posts\/533\/revisions"}],"predecessor-version":[{"id":537,"href":"https:\/\/institutoprisara.com.br\/blog\/wp-json\/wp\/v2\/posts\/533\/revisions\/537"}],"wp:featuredmedia":[{"embeddable":true,"href":"https:\/\/institutoprisara.com.br\/blog\/wp-json\/wp\/v2\/media\/534"}],"wp:attachment":[{"href":"https:\/\/institutoprisara.com.br\/blog\/wp-json\/wp\/v2\/media?parent=533"}],"wp:term":[{"taxonomy":"category","embeddable":true,"href":"https:\/\/institutoprisara.com.br\/blog\/wp-json\/wp\/v2\/categories?post=533"},{"taxonomy":"post_tag","embeddable":true,"href":"https:\/\/institutoprisara.com.br\/blog\/wp-json\/wp\/v2\/tags?post=533"}],"curies":[{"name":"wp","href":"https:\/\/api.w.org\/{rel}","templated":true}]}}