{"id":592,"date":"2026-04-20T20:37:14","date_gmt":"2026-04-20T20:37:14","guid":{"rendered":"https:\/\/institutoprisara.com.br\/blog\/?p=592"},"modified":"2026-03-28T20:38:27","modified_gmt":"2026-03-28T20:38:27","slug":"pos-graduacao-em-saude-mental-areas-de-atuacao-e-oportunidades","status":"publish","type":"post","link":"https:\/\/institutoprisara.com.br\/blog\/pos-graduacao-em-saude-mental-areas-de-atuacao-e-oportunidades\/","title":{"rendered":"P\u00f3s-Gradua\u00e7\u00e3o em Sa\u00fade Mental: \u00c1reas de Atua\u00e7\u00e3o e Oportunidades"},"content":{"rendered":"\n<h2 class=\"wp-block-heading\">Introdu\u00e7\u00e3o \u00e0 P\u00f3s-Gradua\u00e7\u00e3o em Sa\u00fade Mental<\/h2>\n\n\n\n<p>A <a href=\"https:\/\/www.institutoprisara.com.br\/curso\/pos-graduacao\/saude-mental\/\">p\u00f3s-gradua\u00e7\u00e3o em sa\u00fade menta<\/a>l \u00e9 um campo de forma\u00e7\u00e3o avan\u00e7ada que se prop\u00f5e a capacitar profissionais para atuarem de maneira eficaz na promo\u00e7\u00e3o e cuidado da sa\u00fade mental na sociedade contempor\u00e2nea. Este curso muitas vezes aborda temas relevantes como transtornos mentais, interven\u00e7\u00f5es terap\u00eauticas e pol\u00edticas de sa\u00fade mental, preparando indiv\u00edduos para enfrentar os desafios que surgem nesta \u00e1rea cr\u00edtica.<\/p>\n\n\n\n<p>No contexto atual, a sa\u00fade mental ganha destaque significativo, dada a crescente incid\u00eancia de problemas psicossociais, acentuados por fatores como estresse, ansiedade e depress\u00e3o, muitas vezes exacerbados por condi\u00e7\u00f5es socioecon\u00f4micas e pandemias. Investir em educa\u00e7\u00e3o continuada por meio de uma p\u00f3s-gradua\u00e7\u00e3o proporciona n\u00e3o apenas um aprofundamento dos conhecimentos te\u00f3ricos, mas tamb\u00e9m o desenvolvimento de habilidades pr\u00e1ticas e habilidades interpessoais essenciais para o sucesso na \u00e1rea. Profissionais capacitados s\u00e3o fundamentais para abordar a complexidade dessas quest\u00f5es e promover interven\u00e7\u00f5es adequadas.<\/p>\n\n\n\n<p>A import\u00e2ncia da forma\u00e7\u00e3o em sa\u00fade mental transcende o ambiente cl\u00ednico, impactando diretamente as din\u00e2micas sociais e a qualidade de vida da popula\u00e7\u00e3o. Com o aumento da consci\u00eancia sobre o bem-estar emocional, a demanda por especialistas qualificados \u00e9 crescente, conferindo aos graduandos em sa\u00fade mental oportunidades ricas em diversas esferas: desde atendimento direto ao p\u00fablico at\u00e9 atua\u00e7\u00e3o em pol\u00edticas p\u00fablicas e servi\u00e7os comunit\u00e1rios.<\/p>\n\n\n\n<p>Ademais, a sa\u00fade mental \u00e9 um tema que envolve m\u00faltiplas disciplinas, como psicologia, psiquiatria e servi\u00e7os sociais, o que torna o conhecimento multidimensional. As possibilidades de atua\u00e7\u00e3o s\u00e3o amplas, permitindo que os profissionais adequem suas pr\u00e1ticas \u00e0s necessidades de diferentes popula\u00e7\u00f5es e contextos. Portanto, a p\u00f3s-gradua\u00e7\u00e3o em sa\u00fade mental \u00e9 essencial para a forma\u00e7\u00e3o de uma rede de apoio robusta e bem equipada, capaz de fazer frente aos desafios atuais e futuros nesse campo.<\/p>\n\n\n\n<h2 class=\"wp-block-heading\">Perspectivas de Carreira na Sa\u00fade Mental<\/h2>\n\n\n\n<p>A <a href=\"https:\/\/www.institutoprisara.com.br\/curso\/pos-graduacao\/saude-mental\/\">p\u00f3s-gradua\u00e7\u00e3o em sa\u00fade mental<\/a> abre um leque diversificado de oportunidades profissionais. Graduados nesse campo podem se especializar em v\u00e1rias \u00e1reas, incluindo psicologia cl\u00ednica, psiquiatria e terapia ocupacional. Cada uma dessas especializa\u00e7\u00f5es oferece um conjunto \u00fanico de habilidades e abordagens para abordar quest\u00f5es de sa\u00fade mental.<\/p>\n\n\n\n<p>A psicologia cl\u00ednica, por exemplo, \u00e9 uma das \u00e1reas mais procuradas por profissionais formados em sa\u00fade mental. Psic\u00f3logos cl\u00ednicos trabalham diretamente com pacientes, diagnosticando e tratando condi\u00e7\u00f5es emocionais e comportamentais. Esse papel \u00e9 vital na constru\u00e7\u00e3o de estrat\u00e9gias de tratamento personalizadas, visando melhorar a qualidade de vida dos pacientes. As compet\u00eancias adquiridas em uma p\u00f3s-gradua\u00e7\u00e3o, como a avalia\u00e7\u00e3o psicol\u00f3gica e o manejo de interven\u00e7\u00f5es terap\u00eauticas, s\u00e3o indispens\u00e1veis nesse contexto.<\/p>\n\n\n\n<p>Outra especializa\u00e7\u00e3o relevante \u00e9 a psiquiatria, que abrange tanto o diagn\u00f3stico quanto o tratamento de dist\u00farbios mentais atrav\u00e9s de abordagens farmacol\u00f3gicas e terapias. Os psiquiatras, que s\u00e3o m\u00e9dicos, podem prescrever medicamentos e, com frequ\u00eancia, colaboram com psic\u00f3logos e terapeutas para oferecer um tratamento abrangente.<\/p>\n\n\n\n<p>O campo da <a href=\"https:\/\/www.institutoprisara.com.br\/curso\/pos-graduacao\/terapia-ocupacional-pediatrica-e-neurologica\/\">terapia ocupacional<\/a> tamb\u00e9m \u00e9 significativo na \u00e1rea da sa\u00fade mental. Profissionais dessa linha de atua\u00e7\u00e3o ajudam os pacientes a desenvolver habilidades necess\u00e1rias para realizar atividades di\u00e1rias, que muitas vezes s\u00e3o impactadas por problemas de sa\u00fade mental. A interven\u00e7\u00e3o em crises, que inclui a resposta imediata a situa\u00e7\u00f5es de emerg\u00eancia, \u00e9 outra \u00e1rea cr\u00edtica, onde especialistas atuam para estabilizar e oferecer suporte em momentos de alta vulnerabilidade.<\/p>\n\n\n\n<p>Neste contexto multifacetado, a p\u00f3s-gradua\u00e7\u00e3o n\u00e3o apenas fornece a forma\u00e7\u00e3o necess\u00e1ria, mas tamb\u00e9m capacita os profissionais a se adaptarem a uma ampla gama de situa\u00e7\u00f5es e demandas no campo da sa\u00fade mental.<\/p>\n\n\n\n<h2 class=\"wp-block-heading\">Import\u00e2ncia da Forma\u00e7\u00e3o Espec\u00edfica<\/h2>\n\n\n\n<p>A forma\u00e7\u00e3o espec\u00edfica na \u00e1rea de sa\u00fade mental \u00e9 fundamental para garantir que os profissionais estejam aptos a lidar com as complexidades e nuances que surgem ao tratar de quest\u00f5es emocionais e ps\u00edquicas. A p\u00f3s-gradua\u00e7\u00e3o em sa\u00fade mental proporciona um aprofundamento te\u00f3rico e pr\u00e1tico, essencial para a qualifica\u00e7\u00e3o profissional nesta \u00e1rea em constante evolu\u00e7\u00e3o. Esse n\u00edvel de especializa\u00e7\u00e3o \u00e9 crucial, dado que os desafios enfrentados por pacientes com dist\u00farbios mentais podem ser extremamente variados e, frequentemente, exigem abordagens diferenciadas.<\/p>\n\n\n\n<p>Os cursos de p\u00f3s-gradua\u00e7\u00e3o oferecem conte\u00fados que abordam desde o entendimento das doen\u00e7as mentais at\u00e9 o manejo terap\u00eautico, incluindo t\u00e9cnicas de interven\u00e7\u00e3o, avalia\u00e7\u00e3o psicol\u00f3gica e o desenvolvimento de habilidades de escuta ativa e empatia. Essas compet\u00eancias s\u00e3o indispens\u00e1veis para profissionais que desejam atuar com efic\u00e1cia em um campo que, por sua natureza, lida com dor emocional e situa\u00e7\u00f5es de crise. Al\u00e9m disso, a forma\u00e7\u00e3o espec\u00edfica proporciona uma melhor compreens\u00e3o das pol\u00edticas de sa\u00fade e dos contextos sociais que podem influenciar a sa\u00fade mental, permitindo uma abordagem mais integral e humanizada.<\/p>\n\n\n\n<p>Outro aspecto relevante da p\u00f3s-gradua\u00e7\u00e3o em sa\u00fade mental \u00e9 a oportunidade de estabelecer uma rede de contatos com outros profissionais da \u00e1rea. Essa troca de experi\u00eancias e conhecimento n\u00e3o apenas enriquece a forma\u00e7\u00e3o, mas tamb\u00e9m cria um suporte fundamental para a tomada de decis\u00f5es \u00e9ticas e informadas no exerc\u00edcio da profiss\u00e3o. Por fim, a especializa\u00e7\u00e3o abre portas para diversas oportunidades de atua\u00e7\u00e3o cl\u00ednica, educacional ou de pesquisa, tornando o profissional mais competitivo no mercado de trabalho. Assim, a forma\u00e7\u00e3o espec\u00edfica \u00e9 um investimento vital para quem busca fazer a diferen\u00e7a na vida de indiv\u00edduos que enfrentam desafios relacionados \u00e0 sa\u00fade mental.<\/p>\n\n\n\n<h2 class=\"wp-block-heading\">\u00c1reas de Atua\u00e7\u00e3o para Profissionais de Sa\u00fade Mental<\/h2>\n\n\n\n<p>A p\u00f3s-gradua\u00e7\u00e3o em sa\u00fade mental propicia uma vasta gama de \u00e1reas de atua\u00e7\u00e3o para os profissionais que buscam especializa\u00e7\u00e3o. Os graduados podem desempenhar pap\u00e9is fundamentais em v\u00e1rias institui\u00e7\u00f5es, abrangendo desde hospitais e cl\u00ednicas at\u00e9 organiza\u00e7\u00f5es educacionais e servi\u00e7os de sa\u00fade p\u00fablica. <\/p>\n\n\n\n<p>No contexto hospitalar, psic\u00f3logos e psiquiatras trabalham em equipes multidisciplinares, atuando na avalia\u00e7\u00e3o e tratamento de pacientes com transtornos mentais. Esta colabora\u00e7\u00e3o \u00e9 vital para a cria\u00e7\u00e3o de estrat\u00e9gias terap\u00eauticas integradas que considerem n\u00e3o apenas os aspectos psicol\u00f3gicos, mas tamb\u00e9m os m\u00e9dicos.<\/p>\n\n\n\n<p>As cl\u00ednicas particulares s\u00e3o outra \u00e1rea relevante, onde profissionais de sa\u00fade mental podem oferecer seus servi\u00e7os a uma clientela mais restrita e, muitas vezes, com maior autonomia. Nestes ambientes, a abordagem personalizada e a possibilidade de construir um relacionamento terap\u00eautico s\u00f3lido com os pacientes se destacam. A import\u00e2ncia dessa rela\u00e7\u00e3o \u00e9 evidente na efic\u00e1cia do tratamento, principalmente entre aqueles que buscam sess\u00f5es de terapia individual.<\/p>\n\n\n\n<p>Al\u00e9m disso, as institui\u00e7\u00f5es de ensino ocupam um espa\u00e7o significativo para os graduados em sa\u00fade mental. Eles podem atuar como educadores ou como profissionais de apoio, ajudando a promover a sa\u00fade mental entre os estudantes e colaborando com pais e professores para identificar e intervir em problemas emocionais precocemente.<\/p>\n\n\n\n<p>Por fim, a atua\u00e7\u00e3o em empresas e servi\u00e7os de sa\u00fade p\u00fablica \u00e9 crucial. A promo\u00e7\u00e3o do bem-estar mental no local de trabalho e o suporte \u00e0 comunidade na preven\u00e7\u00e3o de problemas de sa\u00fade mental s\u00e3o, cada vez mais, \u00e1reas que exigem profissionais qualificados. A interse\u00e7\u00e3o de sa\u00fade mental com pol\u00edticas p\u00fablicas e programas sociais destaca a relev\u00e2ncia dos profissionais de sa\u00fade mental na sociedade contempor\u00e2nea.<\/p>\n\n\n\n<h2 class=\"wp-block-heading\">Tend\u00eancias e Desafios na Sa\u00fade Mental<\/h2>\n\n\n\n<p>A \u00e1rea de sa\u00fade mental tem visto um desenvolvimento significativo nos \u00faltimos anos, refletindo uma s\u00e9rie de tend\u00eancias que visam melhorar a qualidade do cuidado e a acessibilidade dos servi\u00e7os. Uma das principais inova\u00e7\u00f5es \u00e9 a crescente aceita\u00e7\u00e3o de terapias digitais, que se tornaram uma ferramenta valiosa na abordagem de condi\u00e7\u00f5es de sa\u00fade mental. Aplicativos de medita\u00e7\u00e3o, programas de terapia online e f\u00f3runs de apoio virtual est\u00e3o se tornando cada vez mais populares, oferecendo suporte a indiv\u00edduos que, de outra forma, poderiam ter dificuldade em acessar servi\u00e7os presenciais. Estas plataformas n\u00e3o apenas promovem a autocuidado, mas tamb\u00e9m buscam desmistificar as quest\u00f5es relacionadas \u00e0 sa\u00fade mental, tornando o tratamento mais acess\u00edvel.<\/p>\n\n\n\n<p>No entanto, apesar dessas inova\u00e7\u00f5es promissoras, os profissionais de sa\u00fade mental ainda enfrentam desafios significativos. Um dos mais persistentes \u00e9 o estigma associado a problemas de sa\u00fade mental. Este estigma pode desencorajar indiv\u00edduos de buscar ajuda, perpetuando ciclos de sofrimento e isolamento. A sociedade frequentemente tem dificuldade em compreender a natureza complexa das doen\u00e7as mentais, o que contribui para preconceitos que afetam tanto aqueles que sofrem quanto os profissionais que desejam auxili\u00e1-los. Assim, \u00e9 crucial que campanhas de conscientiza\u00e7\u00e3o e educa\u00e7\u00e3o continuem a ser um foco importante, para que o estigma diminua e uma cultura de aceita\u00e7\u00e3o em rela\u00e7\u00e3o aos cuidados em sa\u00fade mental se estabele\u00e7a.<\/p>\n\n\n\n<p>Al\u00e9m do estigma, a integridade e a seguran\u00e7a das informa\u00e7\u00f5es dos pacientes em plataformas digitais representam outro desafio significativo. Os profissionais devem estar atentos \u00e0 prote\u00e7\u00e3o de dados, garantindo que as informa\u00e7\u00f5es sens\u00edveis dos pacientes sejam tratadas com a m\u00e1xima responsabilidade. A sa\u00fade mental \u00e9 uma \u00e1rea delicada que exige um cuidado especial no manuseio de informa\u00e7\u00f5es pessoais, ressaltando a necessidade de um di\u00e1logo cont\u00ednuo sobre \u00e9tica na utiliza\u00e7\u00e3o de tecnologias digitais.<\/p>\n\n\n\n<h2 class=\"wp-block-heading\">O Papel da Pesquisa em Sa\u00fade Mental<\/h2>\n\n\n\n<p>A pesquisa em sa\u00fade mental desempenha um papel essencial na compreens\u00e3o e no aprimoramento das pr\u00e1ticas terap\u00eauticas. Na atualidade, a complexidade dos transtornos mentais exige um enfoque baseado em evid\u00eancias que somente pode ser obtido atrav\u00e9s de estudos rigorosos e bem estruturados. Dessa maneira, a p\u00f3s-gradua\u00e7\u00e3o em sa\u00fade mental n\u00e3o apenas proporciona uma forma\u00e7\u00e3o te\u00f3rica s\u00f3lida, mas tamb\u00e9m oferece aos alunos a oportunidade de se envolverem em investiga\u00e7\u00f5es que podem contribuir significativamente para a evolu\u00e7\u00e3o do campo.<\/p>\n\n\n\n<p>Os programas de p\u00f3s-gradua\u00e7\u00e3o frequentemente incluem a pesquisa como componente importante de sua grade curricular, permitindo que os alunos desenvolvam habilidades cr\u00edticas na an\u00e1lise e interpreta\u00e7\u00e3o de dados. O contato direto com projetos de pesquisa enriquece a experi\u00eancia do estudante, proporcionando uma compreens\u00e3o mais profunda das din\u00e2micas que afetam a sa\u00fade mental. Por meio da pesquisa, os alunos t\u00eam a chance de explorar \u00e1reas como a efic\u00e1cia de novas terapias, a influ\u00eancia do ambiente social nas condi\u00e7\u00f5es mentais e o impacto de interven\u00e7\u00f5es precoces.<\/p>\n\n\n\n<p>Al\u00e9m disso, a colabora\u00e7\u00e3o com institutos de pesquisa e profissionais da \u00e1rea permite que os alunos da p\u00f3s-gradua\u00e7\u00e3o em sa\u00fade mental estejam em contato com pr\u00e1ticas inovadoras e estrat\u00e9gias de interven\u00e7\u00e3o emergentes. Esses v\u00ednculos n\u00e3o apenas promovem um interc\u00e2mbio valioso de conhecimentos, mas tamb\u00e9m ampliam as oportunidades de carreira no setor. Atrav\u00e9s da pesquisa, os graduados podem se posicionar como l\u00edderes pensantes, contribuindo para pol\u00edticas p\u00fablicas e melhores pr\u00e1ticas cl\u00ednicas.<\/p>\n\n\n\n<p>Em suma, a pesquisa em sa\u00fade mental \u00e9 um pilar fundamental que fortalece a forma\u00e7\u00e3o dos profissionais e, consequentemente, melhora a assist\u00eancia prestada aos pacientes, criando um c\u00edrculo virtuoso onde o conhecimento \u00e9 constantemente aprimorado e aplicado de maneira pr\u00e1tica.<\/p>\n\n\n\n<h2 class=\"wp-block-heading\">O Impacto da Sa\u00fade Mental na Sociedade<\/h2>\n\n\n\n<p>Os problemas de sa\u00fade mental afetam uma significativa parcela da popula\u00e7\u00e3o, gerando repercuss\u00f5es que v\u00e3o al\u00e9m do indiv\u00edduo, afetando diversos aspectos sociais, econ\u00f4micos e pessoais. Aproximadamente 1 em cada 4 pessoas em algum momento da vida ser\u00e1 diagnosticada com um transtorno mental, conforme dados da Organiza\u00e7\u00e3o Mundial da Sa\u00fade (OMS). Isso evidencia a magnitude do desafio que a sociedade enfrenta em rela\u00e7\u00e3o \u00e0 sa\u00fade mental.<\/p>\n\n\n\n<p>No contexto social, os indiv\u00edduos com problemas de sa\u00fade mental frequentemente enfrentam estigmas que podem levar \u00e0 marginaliza\u00e7\u00e3o e isolamento. Esse estigma pode resultar em dificuldades em manter relacionamentos pessoais e em participar ativamente na sociedade. Al\u00e9m disso, a sa\u00fade mental impacta diretamente na qualidade de vida e na capacidade funcional do indiv\u00edduo, influenciando sua intera\u00e7\u00e3o social e seu envolvimento em atividades comunit\u00e1rias.<\/p>\n\n\n\n<p>Economicamente, os custos associados \u00e0 sa\u00fade mental s\u00e3o alarmantes. Estudos apontam que problemas de sa\u00fade mental podem resultar em perdas significativas de produtividade no trabalho, al\u00e9m do aumento dos custos com cuidados de sa\u00fade. De acordo com pesquisas, o impacto econ\u00f4mico de condi\u00e7\u00f5es como a depress\u00e3o e ansiedade gera bilh\u00f5es de d\u00f3lares em despesas m\u00e9dicas e perda de produtividade, refletindo a urg\u00eancia de se investir na forma\u00e7\u00e3o de profissionais capacitados nesse campo.<\/p>\n\n\n\n<p>Ademais, a sa\u00fade mental n\u00e3o afeta apenas os indiv\u00edduos diretamente afetados, mas repercute em suas fam\u00edlias e no contexto social mais amplo. Muitas vezes, os familiares desempenham um papel crucial no suporte aos entes queridos que enfrentam desafios de sa\u00fade mental, o que pode resultar em estresse adicional e na necessidade de apoio especializado. Portanto, a forma\u00e7\u00e3o de profissionais preparados para enfrentar esses desafios \u00e9 essencial para melhorar a situa\u00e7\u00e3o de sa\u00fade mental na sociedade e proporcionar suporte adequado a aqueles que necessitam.<\/p>\n\n\n\n<h2 class=\"wp-block-heading\">Oportunidades de Networking e Colabora\u00e7\u00e3o<\/h2>\n\n\n\n<p>A p\u00f3s-gradua\u00e7\u00e3o em sa\u00fade mental oferece uma gama diversificada de oportunidades de networking e colabora\u00e7\u00e3o que s\u00e3o essenciais para o desenvolvimento profissional. Durante o curso, os alunos t\u00eam a chance de interagir com colegas e professores, que podem ser uma fonte valiosa de conhecimentos e experi\u00eancias na \u00e1rea. Essas intera\u00e7\u00f5es n\u00e3o apenas enriquecem a forma\u00e7\u00e3o acad\u00eamica, mas tamb\u00e9m criam la\u00e7os que podem se transformar em parcerias valiosas no futuro.<\/p>\n\n\n\n<p>A participa\u00e7\u00e3o em eventos acad\u00eamicos, como semin\u00e1rios e confer\u00eancias, \u00e9 outra forma de expandir a rede de contatos. Nesses eventos, os graduandos t\u00eam a oportunidade de conhecer profissionais que atuam em diferentes contextos dentro da sa\u00fade mental. Essa troca de ideias e experi\u00eancias pode abrir portas para poss\u00edveis colabora\u00e7\u00f5es, seja em projetos de pesquisa ou em iniciativas cl\u00ednicas e comunit\u00e1rias.<\/p>\n\n\n\n<p>Al\u00e9m disso, as institui\u00e7\u00f5es que oferecem a p\u00f3s-gradua\u00e7\u00e3o geralmente mant\u00eam parcerias com organiza\u00e7\u00f5es de sa\u00fade, cl\u00ednicas e grupos de pesquisa. Essas conex\u00f5es s\u00e3o fundamentais, pois possibilitam a realiza\u00e7\u00e3o de est\u00e1gios e a participa\u00e7\u00e3o em projetos pr\u00e1ticos durante o curso. Tais experi\u00eancias pr\u00e1ticas s\u00e3o enriquecedoras e oferecem um entendimento mais profundo das din\u00e2micas de trabalho e das demandas do setor. Essa viv\u00eancia pode facilitar a inser\u00e7\u00e3o no mercado de trabalho e a constru\u00e7\u00e3o de uma trajet\u00f3ria profissional s\u00f3lida.<\/p>\n\n\n\n<p>Em suma, as oportunidades de networking e colabora\u00e7\u00e3o que se apresentam na p\u00f3s-gradua\u00e7\u00e3o em sa\u00fade mental s\u00e3o elementos cruciais para quem deseja se destacar no campo. O acesso a uma rede diversificada de profissionais e institui\u00e7\u00f5es pode n\u00e3o s\u00f3 enriquecer a forma\u00e7\u00e3o te\u00f3rica, mas tamb\u00e9m proporcionar experi\u00eancias pr\u00e1ticas que s\u00e3o imprescind\u00edveis para o desenvolvimento de uma carreira bem-sucedida na \u00e1rea.<\/p>\n\n\n\n<h2 class=\"wp-block-heading\">Conclus\u00e3o e Pr\u00f3ximos Passos<\/h2>\n\n\n\n<p>A forma\u00e7\u00e3o e especializa\u00e7\u00e3o na \u00e1rea de sa\u00fade mental s\u00e3o fundamentais em um mundo que exige cada vez mais profissionais capacitados e sens\u00edveis \u00e0s diversas necessidades da popula\u00e7\u00e3o. Ao concluir a p\u00f3s-gradua\u00e7\u00e3o em sa\u00fade mental, os profissionais n\u00e3o apenas ampliam suas compet\u00eancias, como tamb\u00e9m se tornam agentes de mudan\u00e7a em um contexto social repleto de desafios. As diversas \u00e1reas de atua\u00e7\u00e3o dispon\u00edveis, como terapia, psicologia, psiquiatria e sa\u00fade p\u00fablica, oferecem in\u00fameras oportunidades para os rec\u00e9m-formados. Portanto, \u00e9 preciso que os interessados se dediquem a encontrar a \u00e1rea que mais ressoe com seus valores e objetivos profissionais.<\/p>\n\n\n\n<p>Para aqueles que desejam seguir nessa trajet\u00f3ria, \u00e9 essencial considerar algumas diretrizes ao escolher a p\u00f3s-gradua\u00e7\u00e3o. Primeiramente, investigue as institui\u00e7\u00f5es de ensino, levando em conta a reputa\u00e7\u00e3o, a grade curricular e a experi\u00eancia dos professores. Al\u00e9m disso, busque informa\u00e7\u00f5es sobre os est\u00e1gios e experi\u00eancias pr\u00e1ticas oferecidas, que s\u00e3o cruciais para o desenvolvimento profissional. O formato do curso tamb\u00e9m deve ser analisado; op\u00e7\u00f5es presenciais, h\u00edbridas ou online podem atender diferentes necessidades de hor\u00e1rios e log\u00edsticas.<\/p>\n\n\n\n<p>Al\u00e9m de escolher uma boa institui\u00e7\u00e3o, \u00e9 aconselh\u00e1vel se manter atualizado em rela\u00e7\u00e3o \u00e0s novas pesquisas e pr\u00e1ticas na \u00e1rea da sa\u00fade mental, participando de congressos, palestras e workshops. Essa busca cont\u00ednua pelo aperfei\u00e7oamento pode proporcionar uma vantagem competitiva no mercado de trabalho. Ademais, estabelecer uma rede de contatos com outros profissionais da \u00e1rea pode abrir portas para colabora\u00e7\u00f5es e oportunidades de emprego futuras. Em s\u00edntese, investir na forma\u00e7\u00e3o em sa\u00fade mental \u00e9 um passo vital para contribuir com a sociedade e alcan\u00e7ar um desenvolvimento profissional satisfat\u00f3rio.<\/p>\n","protected":false},"excerpt":{"rendered":"<p>Introdu\u00e7\u00e3o \u00e0 P\u00f3s-Gradua\u00e7\u00e3o em Sa\u00fade Mental A p\u00f3s-gradua\u00e7\u00e3o em sa\u00fade mental \u00e9 um campo de forma\u00e7\u00e3o avan\u00e7ada que se prop\u00f5e a capacitar profissionais para atuarem de maneira eficaz na promo\u00e7\u00e3o e cuidado da sa\u00fade mental na sociedade contempor\u00e2nea. Este curso muitas vezes aborda temas relevantes como transtornos mentais, interven\u00e7\u00f5es terap\u00eauticas e pol\u00edticas de sa\u00fade mental, [&hellip;]<\/p>\n","protected":false},"author":1,"featured_media":593,"comment_status":"closed","ping_status":"open","sticky":false,"template":"","format":"standard","meta":{"footnotes":""},"categories":[63,113],"tags":[62,264],"class_list":["post-592","post","type-post","status-publish","format-standard","has-post-thumbnail","hentry","category-pos-graduacao","category-saude-e-bem-estar","tag-pos-graduacao","tag-saude-e-bem-estar"],"_links":{"self":[{"href":"https:\/\/institutoprisara.com.br\/blog\/wp-json\/wp\/v2\/posts\/592","targetHints":{"allow":["GET"]}}],"collection":[{"href":"https:\/\/institutoprisara.com.br\/blog\/wp-json\/wp\/v2\/posts"}],"about":[{"href":"https:\/\/institutoprisara.com.br\/blog\/wp-json\/wp\/v2\/types\/post"}],"author":[{"embeddable":true,"href":"https:\/\/institutoprisara.com.br\/blog\/wp-json\/wp\/v2\/users\/1"}],"replies":[{"embeddable":true,"href":"https:\/\/institutoprisara.com.br\/blog\/wp-json\/wp\/v2\/comments?post=592"}],"version-history":[{"count":1,"href":"https:\/\/institutoprisara.com.br\/blog\/wp-json\/wp\/v2\/posts\/592\/revisions"}],"predecessor-version":[{"id":594,"href":"https:\/\/institutoprisara.com.br\/blog\/wp-json\/wp\/v2\/posts\/592\/revisions\/594"}],"wp:featuredmedia":[{"embeddable":true,"href":"https:\/\/institutoprisara.com.br\/blog\/wp-json\/wp\/v2\/media\/593"}],"wp:attachment":[{"href":"https:\/\/institutoprisara.com.br\/blog\/wp-json\/wp\/v2\/media?parent=592"}],"wp:term":[{"taxonomy":"category","embeddable":true,"href":"https:\/\/institutoprisara.com.br\/blog\/wp-json\/wp\/v2\/categories?post=592"},{"taxonomy":"post_tag","embeddable":true,"href":"https:\/\/institutoprisara.com.br\/blog\/wp-json\/wp\/v2\/tags?post=592"}],"curies":[{"name":"wp","href":"https:\/\/api.w.org\/{rel}","templated":true}]}}