{"id":605,"date":"2026-04-26T15:07:16","date_gmt":"2026-04-26T15:07:16","guid":{"rendered":"https:\/\/institutoprisara.com.br\/blog\/?p=605"},"modified":"2026-04-18T15:09:27","modified_gmt":"2026-04-18T15:09:27","slug":"pos-graduacao-em-alfabetizacao-matematica-impactos-e-perspectivas-de-atuacao","status":"publish","type":"post","link":"https:\/\/institutoprisara.com.br\/blog\/pos-graduacao-em-alfabetizacao-matematica-impactos-e-perspectivas-de-atuacao\/","title":{"rendered":"P\u00f3s-Gradua\u00e7\u00e3o em Alfabetiza\u00e7\u00e3o Matem\u00e1tica: Impactos e Perspectivas de Atua\u00e7\u00e3o"},"content":{"rendered":"\n<h2 class=\"wp-block-heading\">Introdu\u00e7\u00e3o \u00e0 Alfabetiza\u00e7\u00e3o Matem\u00e1tica<\/h2>\n\n\n\n<p>A <a href=\"https:\/\/institutoprisara.com.br\/curso\/pos-graduacao\/alfabetizacao-matematica\/\">alfabetiza\u00e7\u00e3o matem\u00e1tica<\/a> \u00e9 um conceito que se refere \u00e0 capacidade de um indiv\u00edduo de entender, interpretar e utilizar a matem\u00e1tica na sua vida di\u00e1ria. Essa habilidade n\u00e3o \u00e9 apenas crucial para a realiza\u00e7\u00e3o de opera\u00e7\u00f5es aritm\u00e9ticas b\u00e1sicas, mas tamb\u00e9m para o desenvolvimento de pensamentos cr\u00edticos e racioc\u00ednios l\u00f3gicos. A alfabetiza\u00e7\u00e3o matem\u00e1tica se expande al\u00e9m da sala de aula, influenciando como as pessoas tomam decis\u00f5es informadas em diversos contextos, que v\u00e3o desde a gest\u00e3o financeira pessoal at\u00e9 a participa\u00e7\u00e3o ativa em atividades c\u00edvicas.<\/p>\n\n\n\n<p>Al\u00e9m de sua relev\u00e2ncia pr\u00e1tica, a alfabetiza\u00e7\u00e3o matem\u00e1tica desempenha um papel fundamental no desenvolvimento cognitivo. O processamento de informa\u00e7\u00f5es matem\u00e1ticas estimula \u00e1reas do c\u00e9rebro relacionadas \u00e0 resolu\u00e7\u00e3o de problemas e \u00e0 an\u00e1lise cr\u00edtica. Assim, indiv\u00edduos que s\u00e3o proficientes em matem\u00e1tica tendem a apresentar melhores habilidades em outras disciplinas, demonstrando que a alfabetiza\u00e7\u00e3o matem\u00e1tica n\u00e3o \u00e9 uma habilidade isolada, mas sim uma base que favorece o aprendizado em geral.<\/p>\n\n\n\n<p>\u00c9 importante tamb\u00e9m ressaltar que a <a href=\"https:\/\/institutoprisara.com.br\/curso\/pos-graduacao\/alfabetizacao-matematica\/\">alfabetiza\u00e7\u00e3o matem\u00e1tica<\/a> se relaciona intimamente com a vida cotidiana. As pessoas se deparam constantemente com situa\u00e7\u00f5es que requerem habilidades matem\u00e1ticas, como fazer compras, calcular descontos ou at\u00e9 mesmo interpretar gr\u00e1ficos e dados em reportagens. Dessa forma, a compreens\u00e3o matem\u00e1tica se torna um instrumento essencial para a forma\u00e7\u00e3o de cidad\u00e3os conscientes e capazes de atuar em sociedade de maneira cr\u00edtica. A inclus\u00e3o da alfabetiza\u00e7\u00e3o matem\u00e1tica nos curr\u00edculos educacionais \u00e9, portanto, imperativa para garantir que todos tenham acesso a essas habilidades e compet\u00eancias, promovendo, assim, um futuro mais equitativo.<\/p>\n\n\n\n<h2 class=\"wp-block-heading\">A Necessidade da P\u00f3s-Gradua\u00e7\u00e3o em Alfabetiza\u00e7\u00e3o Matem\u00e1tica<\/h2>\n\n\n\n<p>A alfabetiza\u00e7\u00e3o matem\u00e1tica \u00e9 uma compet\u00eancia fundamental para o desenvolvimento educacional e social dos indiv\u00edduos, sendo essencial para a forma\u00e7\u00e3o de cidad\u00e3os cr\u00edticos e preparados para os desafios do s\u00e9culo XXI. Nos \u00faltimos anos, observou-se um d\u00e9ficit significativo na alfabetiza\u00e7\u00e3o matem\u00e1tica das crian\u00e7as nas escolas de educa\u00e7\u00e3o b\u00e1sica, o que levanta preocupa\u00e7\u00f5es acerca da efic\u00e1cia do ensino desse conte\u00fado. Em resposta a essa realidade, a p\u00f3s-gradua\u00e7\u00e3o em alfabetiza\u00e7\u00e3o matem\u00e1tica se torna um recurso primordiais para sanar essa lacuna e preparar educadores qualificados para enfrentar esses desafios.<\/p>\n\n\n\n<p>A partir da an\u00e1lise de dados estat\u00edsticos, muitos relat\u00f3rios educacionais, como o Programa Internacional de Avalia\u00e7\u00e3o de Estudantes (PISA), revelam que uma parte consider\u00e1vel dos alunos apresenta dificuldades na resolu\u00e7\u00e3o de problemas matem\u00e1ticos e na aplica\u00e7\u00e3o de conceitos matem\u00e1ticos em situa\u00e7\u00f5es cotidianas. Essa situa\u00e7\u00e3o demanda uma forma\u00e7\u00e3o continuada dos profissionais da educa\u00e7\u00e3o que, para melhorar o aprendizado dos alunos, necessitam aprofundar seus conhecimentos, m\u00e9todos e estrat\u00e9gias de ensino. \u00c9 nesse ponto que a import\u00e2ncia da p\u00f3s-gradua\u00e7\u00e3o em alfabetiza\u00e7\u00e3o matem\u00e1tica se torna evidente.<\/p>\n\n\n\n<p>Al\u00e9m disso, a forma\u00e7\u00e3o de educadores especializados \u00e9 crucial para a implementa\u00e7\u00e3o de curr\u00edculos que contemplem as diversas facetas da alfabetiza\u00e7\u00e3o matem\u00e1tica. A escassez de educadores capacitados limita a ado\u00e7\u00e3o de metodologias inovadoras e efetivas que poderiam transformar a experi\u00eancia de aprendizagem dos estudantes em matem\u00e1tica. Cursos de p\u00f3s-gradua\u00e7\u00e3o oferecem a oportunidade de discuss\u00e3o e reflex\u00e3o sobre pr\u00e1ticas pedag\u00f3gicas, estudos de caso e a aplica\u00e7\u00e3o de novas tecnologias educacionais.<\/p>\n\n\n\n<p>Portanto, a necessidade de programas avan\u00e7ados e espec\u00edficos de forma\u00e7\u00e3o se posiciona como uma solu\u00e7\u00e3o estrat\u00e9gica. A valoriza\u00e7\u00e3o da alfabetiza\u00e7\u00e3o matem\u00e1tica na educa\u00e7\u00e3o b\u00e1sica n\u00e3o apenas impacta o desempenho acad\u00eamico das crian\u00e7as, mas tamb\u00e9m contribui para a constru\u00e7\u00e3o de um futuro mais equitativo e eficiente na forma\u00e7\u00e3o de novos profissionais e cidad\u00e3os. Em s\u00edntese, a p\u00f3s-gradua\u00e7\u00e3o em alfabetiza\u00e7\u00e3o matem\u00e1tica surge como uma resposta a essa necessidade premente na forma\u00e7\u00e3o educacional contempor\u00e2nea.<\/p>\n\n\n\n<h2 class=\"wp-block-heading\">Objetivos do Curso de P\u00f3s-Gradua\u00e7\u00e3o<\/h2>\n\n\n\n<p>A P\u00f3s-Gradua\u00e7\u00e3o em Alfabetiza\u00e7\u00e3o Matem\u00e1tica tem como um de seus principais objetivos a forma\u00e7\u00e3o de profissionais qualificados e aptos a atuar no campo da educa\u00e7\u00e3o matem\u00e1tica. O curso foi desenvolvido para equipar os educadores com conhecimentos te\u00f3ricos e pr\u00e1ticos que favore\u00e7am a implementa\u00e7\u00e3o de metodologias pedag\u00f3gicas inovadoras e eficazes, que s\u00e3o essenciais para o desenvolvimento do letramento matem\u00e1tico em diversas faixas et\u00e1rias e contextos sociais.<\/p>\n\n\n\n<p>Outro objetivo relevante do curso \u00e9 promover a reflex\u00e3o cr\u00edtica sobre as pr\u00e1ticas pedag\u00f3gicas atuais. Ao longo do programa, os participantes ser\u00e3o convidados a analisar e discutir as dificuldades enfrentadas no ensino da matem\u00e1tica, bem como as estrat\u00e9gias que podem ser adotadas para super\u00e1-las. Essa reflex\u00e3o permitir\u00e1 que os educadores se tornem agentes de transforma\u00e7\u00e3o em suas institui\u00e7\u00f5es, promovendo um ensino mais inclusivo e significativo.<\/p>\n\n\n\n<p>Al\u00e9m disso, o curso visa desenvolver habilidades de pesquisa no campo da alfabetiza\u00e7\u00e3o matem\u00e1tica, incentivando os alunos a investigarem e produzirem conhecimento sobre as pr\u00e1ticas educativas e seus impactos no aprendizado dos estudantes. Por meio de trabalhos acad\u00eamicos e projetos pr\u00e1ticas, os participantes poder\u00e3o contribuir para a constru\u00e7\u00e3o de uma base s\u00f3lida de evid\u00eancias que sustentem a import\u00e2ncia da alfabetiza\u00e7\u00e3o matem\u00e1tica como pilar fundamental na forma\u00e7\u00e3o de cidad\u00e3os cr\u00edticos e capazes de enfrentar os desafios da sociedade contempor\u00e2nea.<\/p>\n\n\n\n<p>Por fim, espera-se que os formados do curso estejam preparados para atuar em diferentes contextos, seja em escolas p\u00fablicas ou privadas, em programas de forma\u00e7\u00e3o de educadores, ou em consultorias que visem a melhoria das pr\u00e1ticas de ensino. A amplia\u00e7\u00e3o da forma\u00e7\u00e3o de profissionais capacitados \u00e9 um passo significativo para a evolu\u00e7\u00e3o do ensino de matem\u00e1tica no pa\u00eds.<\/p>\n\n\n\n<h2 class=\"wp-block-heading\">Estrutura Curricular do Curso<\/h2>\n\n\n\n<p>A p\u00f3s-gradua\u00e7\u00e3o em Alfabetiza\u00e7\u00e3o Matem\u00e1tica apresenta uma estrutura curricular diversificada, projetada para capacitar educadores com conhecimentos te\u00f3ricos e pr\u00e1ticos, essenciais para o ensino da matem\u00e1tica. O curso \u00e9 composto por diversas disciplinas que abordam t\u00f3picos fundamentais, tais como metodologias de ensino, desenvolvimento do racioc\u00ednio l\u00f3gico, e a rela\u00e7\u00e3o entre a linguagem e a matem\u00e1tica. Essas disciplinas foram cuidadosamente selecionadas para fomentar a reflex\u00e3o cr\u00edtica e a pr\u00e1tica pedag\u00f3gica inovadora.<\/p>\n\n\n\n<p>Em termos de metodologias de ensino, o curso utiliza abordagens que v\u00e3o al\u00e9m da instru\u00e7\u00e3o tradicional, incorporando m\u00e9todos ativos que incentivam a participa\u00e7\u00e3o dos estudantes. A aprendizagem baseada em projetos e a solu\u00e7\u00e3o de problemas s\u00e3o exemplos de m\u00e9todos que promovem a autonomia e a criatividade no processo de ensino-aprendizagem. Al\u00e9m disso, a utiliza\u00e7\u00e3o de tecnologias educacionais \u00e9 integrada ao curr\u00edculo, preparando os alunos para ensinamentos em um ambiente cada vez mais digital.<\/p>\n\n\n\n<p>As atividades pr\u00e1ticas s\u00e3o um componente essencial da forma\u00e7\u00e3o, permitindo que os alunos apliquem os conhecimentos adquiridos em situa\u00e7\u00f5es reais de sala de aula. Os estudantes t\u00eam a oportunidade de realizar est\u00e1gios supervisionados, onde podem observar e interagir com diferentes contextos educacionais. Isso proporciona uma experi\u00eancia valiosa, contribuindo para a forma\u00e7\u00e3o de professores cr\u00edticos e reflexivos, capazes de inovar no ensino da matem\u00e1tica.<\/p>\n\n\n\n<p>Outro aspecto relevante \u00e9 a inclus\u00e3o de disciplinas que promovem a pesquisa em educa\u00e7\u00e3o matem\u00e1tica, possibilitando aos alunos explorar novas pr\u00e1ticas e teorias. A estrutura curricular visa, portanto, oferecer uma forma\u00e7\u00e3o robusta, alinhada com as demandas contempor\u00e2neas da educa\u00e7\u00e3o matem\u00e1tica, e preparar os educadores para enfrentar os desafios do ensino em situa\u00e7\u00f5es reais.<\/p>\n\n\n\n<h2 class=\"wp-block-heading\">O Perfil do Profissional e Suas Habilidades<\/h2>\n\n\n\n<p>A P\u00f3s-Gradua\u00e7\u00e3o em Alfabetiza\u00e7\u00e3o Matem\u00e1tica visa formar profissionais com um perfil bem definido, capacitados para atuar em diversas situa\u00e7\u00f5es educacionais. Esses profissionais s\u00e3o esperados para desempenhar um papel crucial na promo\u00e7\u00e3o da aprendizagem matem\u00e1tica nas institui\u00e7\u00f5es de ensino, assim como em contextos de forma\u00e7\u00e3o continuada e desenvolvimento de materiais did\u00e1ticos.<\/p>\n\n\n\n<p>Um dos principais aspectos do perfil profissional \u00e9 a habilidade de compreender profundamente o desenvolvimento cognitivo dos alunos. Isso inclui uma forma\u00e7\u00e3o s\u00f3lida em teorias educativas e em pr\u00e1ticas pedag\u00f3gicas que promovam o racioc\u00ednio l\u00f3gico e a resolu\u00e7\u00e3o de problemas. Os estudantes da p\u00f3s-gradua\u00e7\u00e3o devem desenvolver compet\u00eancias que os capacitem a aplicar m\u00e9todos variados de ensino, adaptando-se \u00e0s necessidades espec\u00edficas de cada grupo. Isso requer um conhecimento abrangente sobre diferentes abordagens pedag\u00f3gicas e curriculares.<\/p>\n\n\n\n<p>Al\u00e9m disso, a comunica\u00e7\u00e3o eficaz \u00e9 uma habilidade fundamental. Os profissionais precisam ser capazes de se expressar com clareza e de escutar atentamente os alunos, criando um ambiente de aprendizado acolhedor e participativo. A profici\u00eancia em estabelecer rela\u00e7\u00f5es interpessoais positivas facilita a constru\u00e7\u00e3o de um clima escolar prop\u00edcio e promove a motiva\u00e7\u00e3o dos estudantes.<\/p>\n\n\n\n<p>Outra compet\u00eancia essencial \u00e9 a capacidade de realizar diagn\u00f3sticos sobre o n\u00edvel de compreens\u00e3o dos alunos, utilizando ferramentas de avalia\u00e7\u00e3o formativa e somativa. Isso n\u00e3o s\u00f3 ajuda na identifica\u00e7\u00e3o de dificuldades espec\u00edficas, mas tamb\u00e9m no planejamento de interven\u00e7\u00f5es personalizadas que melhoram o desempenho matem\u00e1tico.<\/p>\n\n\n\n<p>Portanto, o profissional formado na P\u00f3s-Gradua\u00e7\u00e3o em Alfabetiza\u00e7\u00e3o Matem\u00e1tica deve ser um educador vers\u00e1til, apto a atuar de modo cr\u00edtico e reflexivo, sempre buscando aprimorar suas habilidades e compet\u00eancias para responder aos desafios da educa\u00e7\u00e3o matem\u00e1tica contempor\u00e2nea.<\/p>\n\n\n\n<h2 class=\"wp-block-heading\">O Mercado de Trabalho e \u00c1reas de Atua\u00e7\u00e3o<\/h2>\n\n\n\n<p>A forma\u00e7\u00e3o em alfabetiza\u00e7\u00e3o matem\u00e1tica abre diversas portas no mercado de trabalho para profissionais da \u00e1rea. As institui\u00e7\u00f5es educacionais, como escolas de educa\u00e7\u00e3o infantil e fundamental, s\u00e3o um dos principais locais de atua\u00e7\u00e3o, onde educadores qualificados podem desenvolver pr\u00e1ticas pedag\u00f3gicas inovadoras que visam aprimorar as habilidades matem\u00e1ticas dos alunos. A implementa\u00e7\u00e3o de programas de alfabetiza\u00e7\u00e3o matem\u00e1tica bem estruturados n\u00e3o apenas melhora o desempenho acad\u00eamico das crian\u00e7as, mas tamb\u00e9m contribui para uma compreens\u00e3o mais s\u00f3lida da matem\u00e1tica na vida cotidiana.<\/p>\n\n\n\n<p>Al\u00e9m das escolas, consultorias especializadas desempenham um papel significativo na forma\u00e7\u00e3o de professores e na cria\u00e7\u00e3o de materiais did\u00e1ticos. Os profissionais que se especializam em alfabetiza\u00e7\u00e3o matem\u00e1tica t\u00eam a oportunidade de contribuir com suas expertises em diagn\u00f3sticos e interven\u00e7\u00f5es que podem revolucionar o processo de ensino-aprendizagem. Essas consultorias tamb\u00e9m podem colaborar com institui\u00e7\u00f5es educacionais para implementar estrat\u00e9gias de ensino que alcancem diversos p\u00fablicos e contextos educacionais.<\/p>\n\n\n\n<p>As institui\u00e7\u00f5es de pesquisa s\u00e3o outra \u00e1rea relevante onde os graduados podem atuar. A pesquisa em alfabetiza\u00e7\u00e3o matem\u00e1tica \u00e9 de vital import\u00e2ncia para o avan\u00e7o das teorias educacionais e a formula\u00e7\u00e3o de pol\u00edticas p\u00fablicas eficazes. Os profissionais envolvidos na pesquisa t\u00eam a oportunidade de gerar novos conhecimentos que podem ser aplicados no campo da educa\u00e7\u00e3o e que ajudem a resolver problemas contempor\u00e2neos relacionados ao ensino da matem\u00e1tica. Essa atua\u00e7\u00e3o n\u00e3o somente amplia a base te\u00f3rica, mas tamb\u00e9m possibilita inova\u00e7\u00f5es nas pr\u00e1ticas pedag\u00f3gicas.<\/p>\n\n\n\n<p>Por fim, o mercado de trabalho em alfabetiza\u00e7\u00e3o matem\u00e1tica se torna um espa\u00e7o din\u00e2mico e multifacetado, abrangendo oportunidades que v\u00e3o desde o ensino em sala de aula at\u00e9 a consultoria e pesquisa. As perspectivas s\u00e3o promissoras para aqueles que buscam contribuir significativamente para o aprendizado matem\u00e1tico e a forma\u00e7\u00e3o integral dos alunos.<\/p>\n\n\n\n<h2 class=\"wp-block-heading\">Desafios da Alfabetiza\u00e7\u00e3o Matem\u00e1tica no Brasil<\/h2>\n\n\n\n<p>A alfabetiza\u00e7\u00e3o matem\u00e1tica no Brasil enfrenta uma s\u00e9rie de desafios que demandam aten\u00e7\u00e3o e a\u00e7\u00f5es eficazes. Um dos principais obst\u00e1culos \u00e9 a desigualdade educacional, que se manifesta atrav\u00e9s de disparidades regionais e socioecon\u00f4micas. Regi\u00f5es mais pobres, especialmente na periferia e nas \u00e1reas rurais, frequentemente carecem de infraestrutura adequada, recursos did\u00e1ticos e forma\u00e7\u00e3o de professores qualificados, resultando em um aprendizado deficiente nas habilidades matem\u00e1ticas fundamentais.<\/p>\n\n\n\n<p>Al\u00e9m disso, a resist\u00eancia a m\u00e9todos inovadores de ensino \u00e9 outro desafio significativo. Muitos educadores e institui\u00e7\u00f5es ainda utilizam abordagens tradicionais que n\u00e3o conseguem engajar os alunos de maneira eficaz e n\u00e3o promovem o desenvolvimento do pensamento cr\u00edtico e da resolu\u00e7\u00e3o de problemas. Essa resist\u00eancia pode ser atribu\u00edda \u00e0 falta de forma\u00e7\u00e3o continuada e suporte para professores que precisam se adaptar a novas metodologias que integram a matem\u00e1tica ao cotidiano dos alunos. Tal adapta\u00e7\u00e3o \u00e9 crucial para que os estudantes reconhe\u00e7am a relev\u00e2ncia da matem\u00e1tica em suas vidas.<\/p>\n\n\n\n<p>Outro aspecto importante a considerar \u00e9 o impacto da cultura e das cren\u00e7as pessoais sobre a matem\u00e1tica. Muitas crian\u00e7as e jovens desenvolvem um bloqueio em rela\u00e7\u00e3o \u00e0 disciplina, percebendo-a como uma \u00e1rea dif\u00edcil e excludente. Essa mentalidade pode ser exacerbada pela falta de incentivo por parte de familiares e pela escassez de modelos positivos, como educadores que demonstrem compet\u00eancia e paix\u00e3o pelo ensino da matem\u00e1tica.<\/p>\n\n\n\n<p>Portanto, abordar esses desafios requer um trabalho conjunto entre as esferas governamentais, educacionais e comunit\u00e1rias. A implementa\u00e7\u00e3o de pol\u00edticas p\u00fablicas que visem a forma\u00e7\u00e3o cont\u00ednua dos educadores, a inclus\u00e3o de metodologias inovadoras no curr\u00edculo e a promo\u00e7\u00e3o de uma cultura de aprendizagem matem\u00e1tica inclusiva \u00e9 fundamental para aprimorar a alfabetiza\u00e7\u00e3o matem\u00e1tica no Brasil.<\/p>\n\n\n\n<h2 class=\"wp-block-heading\">Experi\u00eancias de Sucesso na Alfabetiza\u00e7\u00e3o Matem\u00e1tica<\/h2>\n\n\n\n<p>A alfabetiza\u00e7\u00e3o matem\u00e1tica \u00e9 um desafio crucial em diversas institui\u00e7\u00f5es de ensino, mas diversas experi\u00eancias mostram que \u00e9 poss\u00edvel super\u00e1-lo de forma eficaz. Um exemplo not\u00e1vel prov\u00e9m de escolas que adotaram abordagens inovadoras na introdu\u00e7\u00e3o de conceitos matem\u00e1ticos desde a educa\u00e7\u00e3o infantil. Nessas escolas, a \u00eanfase est\u00e1 em experi\u00eancias pr\u00e1ticas que incorporam jogos, resolu\u00e7\u00e3o de problemas e atividades interativas. O uso de materiais manipulativos, como blocos e objetos do cotidiano, tem demonstrado aumentar o interesse e a compreens\u00e3o das crian\u00e7as em rela\u00e7\u00e3o \u00e0 matem\u00e1tica.<\/p>\n\n\n\n<p>Outro caso eficaz pode ser observado em programas de alfabetiza\u00e7\u00e3o matem\u00e1tica destinados a adultos, onde metodologias adaptativas foram implementadas. Por exemplo, em um projeto em uma comunidade de baixa renda, foram utilizados temas de finan\u00e7as pessoais para ensinar matem\u00e1tica b\u00e1sica. Os participantes aprenderam a realizar c\u00e1lculos necess\u00e1rios para o gerenciamento de despesas e renda, o que n\u00e3o apenas melhorou suas habilidades num\u00e9ricas, mas tamb\u00e9m impactou positivamente suas vidas cotidianas.<\/p>\n\n\n\n<p>Al\u00e9m desses exemplos, diversas investiga\u00e7\u00f5es acad\u00eamicas t\u00eam apoiado a efic\u00e1cia de pr\u00e1ticas de alfabetiza\u00e7\u00e3o matem\u00e1tica atrav\u00e9s de estudos de caso. Um estudo realizado em escolas p\u00fablicas mostrou que metodologias centradas no aluno, que incorporam a colabora\u00e7\u00e3o e o trabalho em grupo, resultaram em melhorias significativas no desempenho dos alunos em testes padronizados. As an\u00e1lises indicaram que, ao criar um ambiente de aprendizagem que valoriza a participa\u00e7\u00e3o ativa dos alunos, \u00e9 poss\u00edvel promover um entendimento mais profundo dos conceitos matem\u00e1ticos.<\/p>\n\n\n\n<p>Estas experi\u00eancias de sucesso refor\u00e7am a import\u00e2ncia de abordagens criativas e contextualizadas na alfabetiza\u00e7\u00e3o matem\u00e1tica. Ao integrar as pr\u00e1ticas educativas em ambientes diversos, \u00e9 vi\u00e1vel alcan\u00e7ar resultados positivos n\u00e3o apenas no aprendizado dos conceitos, mas tamb\u00e9m na valoriza\u00e7\u00e3o da matem\u00e1tica nas vidas dos estudantes.<\/p>\n\n\n\n<h2 class=\"wp-block-heading\">Conclus\u00e3o e Caminhos para o Futuro<\/h2>\n\n\n\n<p>Ap\u00f3s a an\u00e1lise aprofundada dos impactos e das perspectivas da p\u00f3s-gradua\u00e7\u00e3o em alfabetiza\u00e7\u00e3o matem\u00e1tica, \u00e9 evidente que essa forma\u00e7\u00e3o avan\u00e7ada desempenha um papel crucial na melhoria das pr\u00e1ticas educativas. O processo de alfabetiza\u00e7\u00e3o matem\u00e1tica, que envolve o entendimento e a aplica\u00e7\u00e3o de conceitos matem\u00e1ticos, \u00e9 fundamental para a forma\u00e7\u00e3o integral do aluno e para a sua capacidade de racioc\u00ednio l\u00f3gico. A forma\u00e7\u00e3o de profissionais qualificados nesse campo \u00e9 indispens\u00e1vel para preparar educadores que possam enfrentar os desafios contempor\u00e2neos da educa\u00e7\u00e3o matem\u00e1tica.<\/p>\n\n\n\n<p>Os principais pontos abordados neste post incluem a necessidade de um curr\u00edculo que contemple pr\u00e1ticas pedag\u00f3gicas inovadoras, a import\u00e2ncia da forma\u00e7\u00e3o continuada dos educadores, e a rela\u00e7\u00e3o entre a teoria e a pr\u00e1tica na alfabetiza\u00e7\u00e3o matem\u00e1tica. Al\u00e9m disso, a troca de experi\u00eancias entre professores de diferentes contextos pode enriquecer o processo educativo e contribuir para o desenvolvimento de metodologias mais eficazes.<\/p>\n\n\n\n<p>Para o futuro, \u00e9 essencial que as pesquisas na \u00e1rea de alfabetiza\u00e7\u00e3o matem\u00e1tica sejam ampliadas. Sugere-se que universidades e institui\u00e7\u00f5es de ensino desenvolvam projetos colaborativos que integrem teoria e pr\u00e1tica, promovendo estudos que investiguem novas abordagens pedag\u00f3gicas e suas influ\u00eancias no aprendizado dos alunos. Al\u00e9m disso, \u00e9 recomend\u00e1vel fomentar a forma\u00e7\u00e3o de comunidades de pr\u00e1tica, onde educadores possam compartilhar conhecimentos e experi\u00eancias, promovendo um aprendizado cont\u00ednuo e a troca de saberes.<\/p>\n\n\n\n<p>Em suma, a p\u00f3s-gradua\u00e7\u00e3o em alfabetiza\u00e7\u00e3o matem\u00e1tica deve ser vista como um ponto de partida para a transforma\u00e7\u00e3o das pr\u00e1ticas educativas e a promo\u00e7\u00e3o de um ensino mais significativo e eficaz, preparando os alunos para um futuro que exige compet\u00eancias matem\u00e1ticas cada vez mais robustas.<\/p>\n","protected":false},"excerpt":{"rendered":"<p>Introdu\u00e7\u00e3o \u00e0 Alfabetiza\u00e7\u00e3o Matem\u00e1tica A alfabetiza\u00e7\u00e3o matem\u00e1tica \u00e9 um conceito que se refere \u00e0 capacidade de um indiv\u00edduo de entender, interpretar e utilizar a matem\u00e1tica na sua vida di\u00e1ria. Essa habilidade n\u00e3o \u00e9 apenas crucial para a realiza\u00e7\u00e3o de opera\u00e7\u00f5es aritm\u00e9ticas b\u00e1sicas, mas tamb\u00e9m para o desenvolvimento de pensamentos cr\u00edticos e racioc\u00ednios l\u00f3gicos. A alfabetiza\u00e7\u00e3o [&hellip;]<\/p>\n","protected":false},"author":1,"featured_media":289,"comment_status":"closed","ping_status":"open","sticky":false,"template":"","format":"standard","meta":{"footnotes":""},"categories":[3,63],"tags":[270,62],"class_list":["post-605","post","type-post","status-publish","format-standard","has-post-thumbnail","hentry","category-educacao","category-pos-graduacao","tag-educacao","tag-pos-graduacao"],"_links":{"self":[{"href":"https:\/\/institutoprisara.com.br\/blog\/wp-json\/wp\/v2\/posts\/605","targetHints":{"allow":["GET"]}}],"collection":[{"href":"https:\/\/institutoprisara.com.br\/blog\/wp-json\/wp\/v2\/posts"}],"about":[{"href":"https:\/\/institutoprisara.com.br\/blog\/wp-json\/wp\/v2\/types\/post"}],"author":[{"embeddable":true,"href":"https:\/\/institutoprisara.com.br\/blog\/wp-json\/wp\/v2\/users\/1"}],"replies":[{"embeddable":true,"href":"https:\/\/institutoprisara.com.br\/blog\/wp-json\/wp\/v2\/comments?post=605"}],"version-history":[{"count":1,"href":"https:\/\/institutoprisara.com.br\/blog\/wp-json\/wp\/v2\/posts\/605\/revisions"}],"predecessor-version":[{"id":606,"href":"https:\/\/institutoprisara.com.br\/blog\/wp-json\/wp\/v2\/posts\/605\/revisions\/606"}],"wp:featuredmedia":[{"embeddable":true,"href":"https:\/\/institutoprisara.com.br\/blog\/wp-json\/wp\/v2\/media\/289"}],"wp:attachment":[{"href":"https:\/\/institutoprisara.com.br\/blog\/wp-json\/wp\/v2\/media?parent=605"}],"wp:term":[{"taxonomy":"category","embeddable":true,"href":"https:\/\/institutoprisara.com.br\/blog\/wp-json\/wp\/v2\/categories?post=605"},{"taxonomy":"post_tag","embeddable":true,"href":"https:\/\/institutoprisara.com.br\/blog\/wp-json\/wp\/v2\/tags?post=605"}],"curies":[{"name":"wp","href":"https:\/\/api.w.org\/{rel}","templated":true}]}}