{"id":874,"date":"2026-09-01T14:50:54","date_gmt":"2026-09-01T14:50:54","guid":{"rendered":"https:\/\/institutoprisara.com.br\/blog\/a-conexao-vital-nutricao-e-saude-mental\/"},"modified":"2026-08-16T14:51:47","modified_gmt":"2026-08-16T14:51:47","slug":"a-conexao-vital-nutricao-e-saude-mental","status":"publish","type":"post","link":"https:\/\/institutoprisara.com.br\/blog\/a-conexao-vital-nutricao-e-saude-mental\/","title":{"rendered":"A Conex\u00e3o Vital: Nutri\u00e7\u00e3o e Sa\u00fade Mental"},"content":{"rendered":"\n<figure class=\"wp-block-image size-large hts-content-image\"><img decoding=\"async\" src=\"https:\/\/images.unsplash.com\/photo-1690643129307-c13052484acd\" alt=\"A Conex\u00e3o Vital: Nutri\u00e7\u00e3o e Sa\u00fade Mental\"\/><\/figure>\n<h2 class=\"wp-block-heading\">A Ci\u00eancia da Nutri\u00e7\u00e3o e o C\u00e9rebro<\/h2>\n\n<p class=\"wp-block-paragraph\">A rela\u00e7\u00e3o entre nutri\u00e7\u00e3o e sa\u00fade mental \u00e9 um campo de estudo crescente que demonstra como os nutrientes desempenham um papel fundamental na fun\u00e7\u00e3o cerebral. A alimenta\u00e7\u00e3o n\u00e3o apenas sustenta as fun\u00e7\u00f5es f\u00edsicas do corpo, mas tamb\u00e9m influencia diretamente a nossa sa\u00fade mental, afetando aspectos como a mem\u00f3ria, o humor e a cogni\u00e7\u00e3o.<\/p>\n\n<p class=\"wp-block-paragraph\">Um dos principais grupos de nutrientes envolvidos nessa inter-rela\u00e7\u00e3o s\u00e3o as vitaminas e os minerais. Por exemplo, as vitaminas do complexo B, como B6, B12 e \u00e1cido f\u00f3lico, s\u00e3o essenciais para a produ\u00e7\u00e3o de neurotransmissores, que s\u00e3o subst\u00e2ncias qu\u00edmicas que transmitem sinais no c\u00e9rebro. Esses neurotransmissores, como a serotonina e a dopamina, est\u00e3o intimamente ligados ao controle do humor e \u00e0 regula\u00e7\u00e3o emocional. A defici\u00eancia de algumas dessas vitaminas pode levar a dist\u00farbios de humor, como depress\u00e3o e ansiedade.<\/p>\n\n<p class=\"wp-block-paragraph\">Al\u00e9m das vitaminas, os minerais como o magn\u00e9sio e o zinco tamb\u00e9m desempenham pap\u00e9is cruciais na fun\u00e7\u00e3o cerebral. O magn\u00e9sio, por exemplo, est\u00e1 associado \u00e0 melhoria da mem\u00f3ria e ao desenvolvimento de habilidades cognitivas. J\u00e1 o zinco, que \u00e9 vital para a comunica\u00e7\u00e3o neuronal, est\u00e1 envolvido em processos de aprendizagem e, quando em defici\u00eancia, pode resultar em dificuldades cognitivas.<\/p>\n\n<p class=\"wp-block-paragraph\">Outro aspecto importante a se considerar s\u00e3o os \u00e1cidos graxos \u00f4mega-3, encontrados principalmente em peixes oleosos, como salm\u00e3o e sardinha. Esses \u00e1cidos graxos t\u00eam sido associados \u00e0 melhoria da sa\u00fade mental, ajudando a reduzir sintomas de ansiedade e depress\u00e3o. Acredita-se que o \u00f4mega-3 promove a neuroplasticidade, que \u00e9 a capacidade do c\u00e9rebro em formar novas conex\u00f5es neuronais.<\/p>\n\n<p class=\"wp-block-paragraph\">Portanto, ao considerar a nutri\u00e7\u00e3o como um pilar da sa\u00fade mental, \u00e9 essencial reconhecer como a escolha de alimentos impacta a performance e bem-estar da fun\u00e7\u00e3o cerebral. Nutri\u00e7\u00e3o adequada, rica em vitaminas, minerais e \u00e1cidos graxos essenciais, n\u00e3o s\u00f3 apoia a sa\u00fade f\u00edsica, mas tamb\u00e9m emite um impulso positivo na nossa sa\u00fade mental.<\/p>\n\n<h2 class=\"wp-block-heading\">Alimentos que Promovem Sa\u00fade Mental<\/h2>\n\n<p class=\"wp-block-paragraph\">A nutri\u00e7\u00e3o desempenha um papel fundamental na sa\u00fade mental, com certos alimentos apresentando benef\u00edcios significativos para o c\u00e9rebro. A seguir, uma lista de alimentos que s\u00e3o particularmente eficazes na promo\u00e7\u00e3o de uma sa\u00fade psicol\u00f3gica robusta.<\/p>\n\n<p class=\"wp-block-paragraph\">As frutas, especialmente aquelas ricas em antioxidantes como frutas vermelhos e c\u00edtricas, t\u00eam demonstrado reduzir os n\u00edveis de estresse e melhorar o humor. Esses alimentos ajudam a proteger o c\u00e9rebro do dano oxidativo, contribuindo para uma melhor fun\u00e7\u00e3o cognitiva e uma menor propens\u00e3o a dist\u00farbios mentais.<\/p>\n\n<p class=\"wp-block-paragraph\">Os vegetais, particularmente os de folhas verdes escuras, como espinafre e couve, s\u00e3o essenciais por suas ricas concentra\u00e7\u00f5es de vitaminas e minerais. Eles cont\u00eam \u00e1cidos graxos \u00f4mega-3 que t\u00eam um papel importante na luta contra a ansiedade e a depress\u00e3o. As cruc\u00edferas, como br\u00f3colis, tamb\u00e9m s\u00e3o relevantes, pois possuem compostos que ajudam a reduzir a inflama\u00e7\u00e3o, um fator que pode afetar a sa\u00fade mental.<\/p>\n\n<p class=\"wp-block-paragraph\">Os peixes, em especial os ricos em \u00f4mega-3, como o salm\u00e3o e a sardinha, s\u00e3o cruciais na alimenta\u00e7\u00e3o para a sa\u00fade mental. Estudos indicam que esses \u00e1cidos graxos essenciais t\u00eam efeitos ben\u00e9ficos na redu\u00e7\u00e3o dos sintomas de depress\u00e3o e ansiedade. Eles s\u00e3o essenciais para a constru\u00e7\u00e3o das membranas celulares no c\u00e9rebro e podem melhorar significativamente a fun\u00e7\u00e3o cognitiva.<\/p>\n\n<p class=\"wp-block-paragraph\">As nozes, incluindo am\u00eandoas e nozes, tamb\u00e9m devem ser destacadas. Elas s\u00e3o uma fonte excelente de vitamina E e antioxidantes, que ajudam na preserva\u00e7\u00e3o da sa\u00fade mental. O consumo regular de nozes tem sido associado \u00e0 melhoria da fun\u00e7\u00e3o cerebral e \u00e0 diminui\u00e7\u00e3o do risco de desenvolvimento de doen\u00e7as neurodegenerativas.<\/p>\n\n<p class=\"wp-block-paragraph\">Incorporar esses alimentos na dieta pode ter um impacto consid\u00e9ravel na sa\u00fade mental, ajudando a mitigar os efeitos da ansiedade, depress\u00e3o e outros dist\u00farbios. O reconhecimento do papel da nutri\u00e7\u00e3o como um pilar para o bem-estar psicol\u00f3gico \u00e9 fundamental para promover uma vida equilibrada.<\/p>\n\n<h2 class=\"wp-block-heading\">A Influ\u00eancia do Estilo de Vida na Nutri\u00e7\u00e3o e Sa\u00fade Mental<\/h2>\n\n<p class=\"wp-block-paragraph\">A intersec\u00e7\u00e3o entre estilo de vida e sa\u00fade mental \u00e9 um campo de crescente interesse. No entanto, n\u00e3o se pode discutir a sa\u00fade mental sem abordar o impacto significativo da alimenta\u00e7\u00e3o, da pr\u00e1tica regular de exerc\u00edcios f\u00edsicos e dos h\u00e1bitos de sono. Estes tr\u00eas fatores est\u00e3o intrinsecamente ligados e desempenham pap\u00e9is cruciais na promo\u00e7\u00e3o do bem-estar mental.<\/p>\n\n<p class=\"wp-block-paragraph\">Em primeiro lugar, a pr\u00e1tica de exerc\u00edcios f\u00edsicos regulares n\u00e3o s\u00f3 melhora a sa\u00fade f\u00edsica, mas tamb\u00e9m atua como um poderoso agente na melhoria da sa\u00fade mental. Estudos demonstram que a atividade f\u00edsica ajuda a liberar endorfinas, neurotransmissores que promovem a sensa\u00e7\u00e3o de felicidade e redu\u00e7\u00e3o do estresse. Al\u00e9m disso, o exerc\u00edcio regular pode melhorar a qualidade do sono, um fator essencial que est\u00e1 diretamente relacionado ao funcionamento cognitivo e \u00e0 sa\u00fade emocional.<\/p>\n\n<p class=\"wp-block-paragraph\">Outro aspecto relevante \u00e9 a rela\u00e7\u00e3o do sono com a nutri\u00e7\u00e3o. Sono insuficiente ou de m\u00e1 qualidade pode afetar as decis\u00f5es alimentares, levando a escolhas de alimentos menos saud\u00e1veis, que, por sua vez, podem agravar problemas de humor e ansiedade. Um sono adequado est\u00e1 associado \u00e0 regula\u00e7\u00e3o dos horm\u00f4nios que controlam a fome e a saciedade, evidenciando a import\u00e2ncia de um padr\u00e3o de sono equilibrado para sustentar uma dieta saud\u00e1vel.<\/p>\n\n<p class=\"wp-block-paragraph\">Al\u00e9m disso, um estilo de vida equilibrado, que compreende uma combina\u00e7\u00e3o de atividade f\u00edsica regular, alimenta\u00e7\u00e3o nutritiva e bons h\u00e1bitos de sono, pode potencializar os benef\u00edcios de uma dieta saud\u00e1vel. Ao unir esses elementos, n\u00e3o s\u00f3 se melhora a sa\u00fade f\u00edsica, mas tamb\u00e9m se fortalece a resili\u00eancia emocional, favorecendo um quadro mental otimizado. Assim, uma abordagem hol\u00edstica da sa\u00fade, onde nutric\u00e3o, exerc\u00edcios e sono se entrela\u00e7am, se revela fundamental para promover a sa\u00fade mental de maneira eficaz.<\/p>\n\n<h2 class=\"wp-block-heading\">Dicas Pr\u00e1ticas para Melhorar a Nutri\u00e7\u00e3o e a Sa\u00fade Mental<\/h2>\n\n<p class=\"wp-block-paragraph\">Para promover uma sa\u00fade mental robusta, \u00e9 crucial incorporar alimentos saud\u00e1veis em nossa dieta di\u00e1ria. A nutri\u00e7\u00e3o desempenha um papel significante na forma como nos sentimos e funcionamos emocionalmente. Opte por uma alimenta\u00e7\u00e3o rica em frutas, vegetais, gr\u00e3os integrais e prote\u00ednas magras, pois esses alimentos s\u00e3o conhecidos por suas propriedades ben\u00e9ficas para o bem-estar mental. O aumento do consumo de \u00e1cidos graxos \u00f4mega-3, encontrados em peixes como salm\u00e3o e sardinha, pode ajudar na redu\u00e7\u00e3o de sintomas de depress\u00e3o e ansiedade.<\/p>\n\n<p class=\"wp-block-paragraph\">Uma maneira eficaz de integrar esses alimentos \u00e9 planejar suas refei\u00e7\u00f5es. Ao elaborar um plano de refei\u00e7\u00f5es semanal, voc\u00ea pode garantir a variedade e o equil\u00edbrio nutricional. Tente incluir uma receita rica em nutrientes a cada dia. Por exemplo, um smoothie verde com espinafre, banana e chia pode ser um \u00f3timo caf\u00e9 da manh\u00e3. Para o almo\u00e7o, uma salada colorida com quinoa, legumes e um peito de frango grelhado oferece uma boa combina\u00e7\u00e3o de prote\u00ednas e fibras. Al\u00e9m disso, o jantar pode ser uma omelete de vegetais, que \u00e9 r\u00e1pida de preparar e rica em nutrientes essenciais.<\/p>\n\n<p class=\"wp-block-paragraph\">Ademais, \u00e9 importante estar ciente dos alimentos que podem impactar a sa\u00fade mental negativamente. Evite o consumo excessivo de a\u00e7\u00facar e caf\u00e9, pois estas subst\u00e2ncias podem causar picos de energia seguidos de quedas bruscas, afetando, assim, o estado emocional. Em vez disso, considere alternativas saud\u00e1veis como ch\u00e1s de ervas e snacks nutritivos. Manter-se hidratado tamb\u00e9m \u00e9 fundamental; a \u00e1gua \u00e9 essencial para o funcionamento do c\u00e9rebro e pode influenciar diretamente o humor e a clareza mental.<\/p>\n\n<p class=\"wp-block-paragraph\">Efetuar pequenas mudan\u00e7as na dieta e fazer escolhas alimentares conscientes pode levar a uma melhora significativa na sa\u00fade mental. As dicas pr\u00e1ticas mencionadas n\u00e3o s\u00f3 ajudam a nutrir o corpo, mas tamb\u00e9m fortalecem a mente.<\/p>","protected":false},"excerpt":{"rendered":"<p>A Ci\u00eancia da Nutri\u00e7\u00e3o e o C\u00e9rebro A rela\u00e7\u00e3o entre nutri\u00e7\u00e3o e sa\u00fade mental \u00e9 um campo de estudo crescente que demonstra como os nutrientes desempenham um papel fundamental na fun\u00e7\u00e3o cerebral. A alimenta\u00e7\u00e3o n\u00e3o apenas sustenta as fun\u00e7\u00f5es f\u00edsicas do corpo, mas tamb\u00e9m influencia diretamente a nossa sa\u00fade mental, afetando aspectos como a mem\u00f3ria, [&hellip;]<\/p>\n","protected":false},"author":1,"featured_media":0,"comment_status":"closed","ping_status":"closed","sticky":false,"template":"","format":"standard","meta":{"footnotes":""},"categories":[231],"tags":[391],"class_list":["post-874","post","type-post","status-publish","format-standard","hentry","category-nutricao","tag-nutricao-em-neuropsiquiatria"],"_links":{"self":[{"href":"https:\/\/institutoprisara.com.br\/blog\/wp-json\/wp\/v2\/posts\/874","targetHints":{"allow":["GET"]}}],"collection":[{"href":"https:\/\/institutoprisara.com.br\/blog\/wp-json\/wp\/v2\/posts"}],"about":[{"href":"https:\/\/institutoprisara.com.br\/blog\/wp-json\/wp\/v2\/types\/post"}],"author":[{"embeddable":true,"href":"https:\/\/institutoprisara.com.br\/blog\/wp-json\/wp\/v2\/users\/1"}],"replies":[{"embeddable":true,"href":"https:\/\/institutoprisara.com.br\/blog\/wp-json\/wp\/v2\/comments?post=874"}],"version-history":[{"count":1,"href":"https:\/\/institutoprisara.com.br\/blog\/wp-json\/wp\/v2\/posts\/874\/revisions"}],"predecessor-version":[{"id":875,"href":"https:\/\/institutoprisara.com.br\/blog\/wp-json\/wp\/v2\/posts\/874\/revisions\/875"}],"wp:attachment":[{"href":"https:\/\/institutoprisara.com.br\/blog\/wp-json\/wp\/v2\/media?parent=874"}],"wp:term":[{"taxonomy":"category","embeddable":true,"href":"https:\/\/institutoprisara.com.br\/blog\/wp-json\/wp\/v2\/categories?post=874"},{"taxonomy":"post_tag","embeddable":true,"href":"https:\/\/institutoprisara.com.br\/blog\/wp-json\/wp\/v2\/tags?post=874"}],"curies":[{"name":"wp","href":"https:\/\/api.w.org\/{rel}","templated":true}]}}